{"id":18007,"date":"2019-08-23T15:34:02","date_gmt":"2019-08-23T18:34:02","guid":{"rendered":"https:\/\/www.paranapraia.com.br\/?p=18007"},"modified":"2019-08-23T15:34:03","modified_gmt":"2019-08-23T18:34:03","slug":"parana-mantem-crescimento-de-empregos-e-totaliza-40-537-em-sete-meses","status":"publish","type":"post","link":"https:\/\/www.paranapraia.com.br\/index.php\/2019\/08\/23\/parana-mantem-crescimento-de-empregos-e-totaliza-40-537-em-sete-meses\/","title":{"rendered":"Paran\u00e1 mant\u00e9m crescimento de empregos e totaliza 40.537 em sete meses"},"content":{"rendered":"\n<p>O Paran\u00e1 manteve a tend\u00eancia de crescimento na cria\u00e7\u00e3o de empregos e abriu 571 vagas formais no m\u00eas de julho, de acordo com dados do Cadastro Geral de Empregados e Desempregados (Caged) divulgados nesta sexta-feira (23) pelo Minist\u00e9rio da Economia. Os setores que mais empregaram no Estado foram servi\u00e7os (2.248 novos postos) e constru\u00e7\u00e3o civil (663). O resultado corresponde a 101.379 admiss\u00f5es e 100.808 demiss\u00f5es.<\/p>\n\n\n\n<p>No acumulado de 2019, o Paran\u00e1 abriu 40.537 vagas, sendo a quarta unidade da federa\u00e7\u00e3o que mais empregou, atr\u00e1s apenas de S\u00e3o Paulo (174.270 vagas), Minas Gerais (99.946) e Santa Catarina (53.755).<\/p>\n\n\n\n<p>O Governo do Estado ampliou as a\u00e7\u00f5es para induzir a gera\u00e7\u00e3o de emprego e renda no Paran\u00e1. Neste m\u00eas, o governador Carlos Massa Ratinho Junior lan\u00e7ou o programa Descomplica, que facilita a vida de quem quer empreender e gerar emprego. O programa tem tr\u00eas vertentes: libera\u00e7\u00e3o do CNPJ e das autoriza\u00e7\u00f5es para empresas de baixo risco em menos de 24 horas, solu\u00e7\u00f5es para fechamento de empresas e a instala\u00e7\u00e3o de um comit\u00ea permanente de desburocratiza\u00e7\u00e3o com a participa\u00e7\u00e3o da sociedade civil.<\/p>\n\n\n\n<p>Tamb\u00e9m foram refor\u00e7adas as iniciativas para atrair novos investimentos produtivos. O principal exemplo \u00e9 o Paran\u00e1 Day, evento em que s\u00e3o apresentadas as potencialidades e oportunidade de investimentos no Estado a investidores e empres\u00e1rios. J\u00e1 foram realizados eventos em Curitiba, S\u00e3o Paulo e em Nova York (EUA). Nesta terceira edi\u00e7\u00e3o, o Paran\u00e1 Day reuniu executivos de corpora\u00e7\u00f5es internacionais que mant\u00eam investimentos globais. A apresenta\u00e7\u00e3o foi feita pelo governador Ratinho Junior, na C\u00e2mara de Com\u00e9rcio Brasil-EUA.<\/p>\n\n\n\n<p>Outro exemplo \u00e9 o portal Invest Paran\u00e1, criado pela Ag\u00eancia Paran\u00e1 Desenvolvimento e a Celepar e que concentra todas as informa\u00e7\u00f5es dispon\u00edveis sobre o Estado para facilitar a atra\u00e7\u00e3o de investidores nacionais e internacionais.<\/p>\n\n\n\n<p>PARCERIA \u2013 O secret\u00e1rio da Justi\u00e7a, Fam\u00edlia e Trabalho, Ney Leprevost, destaca a parceria entre o Estado e o setor privado para agilizar e facilitar a contrata\u00e7\u00e3o de trabalhadores em diversos setores e regi\u00f5es do Paran\u00e1. \u201cOs n\u00fameros demonstram o comprometimento da nossa gest\u00e3o com a capta\u00e7\u00e3o de novas vagas de empregos formais por interm\u00e9dio das ag\u00eancias do trabalhador e em parcerias com o setor produtivo, no intuito de gerar cada vez mais emprego e renda para o trabalhador paranaense, fazendo com que tamb\u00e9m movimente a economia do nosso Estado\u201d, disse.<\/p>\n\n\n\n<p>CONSTRU\u00c7\u00c3O CIVIL \u2013 A economista Suelen Glinsk, do Departamento do Trabalho da Secretaria de Justi\u00e7a, Fam\u00edlia e Trabalho, destaca o reaquecimento do mercado imobili\u00e1rio como o grande destaque do m\u00eas de julho no Paran\u00e1. \u201cA constru\u00e7\u00e3o civil voltou a crescer e a empregar, com um efeito importante dos investimentos privados. Al\u00e9m disso, o setor de servi\u00e7os representou um avan\u00e7o consider\u00e1vel\u201d, ressaltou.<\/p>\n\n\n\n<p>Para a economista, a melhora do setor da constru\u00e7\u00e3o civil significa que os investidores est\u00e3o mais otimistas, com planejamento de m\u00e9dio e longo prazo. \u201cIsso alavanca tamb\u00e9m outros setores porque se trata de um setor que demanda muita presta\u00e7\u00e3o de servi\u00e7os\u201d, explicou.<\/p>\n\n\n\n<p>CIDADES \u2013 Curitiba liderou o ranking da gera\u00e7\u00e3o de empregos em julho, com 2.684 postos, seguido por Cascavel (476), Pato Branco (1.925), S\u00e3o Jos\u00e9 dos Pinhais (358), Pinhais (221) e Paranava\u00ed (219).<\/p>\n\n\n\n<p>DADOS NACIONAIS \u2013 Pelo quarto m\u00eas consecutivo, o emprego formal cresceu no Brasil. O Caged mostrou a abertura de 43.820 vagas de trabalho com carteira assinada em julho, um crescimento de 0,11% em rela\u00e7\u00e3o a junho.<\/p>\n\n\n\n<p>Tamb\u00e9m houve crescimento no emprego se considerados os resultados dos sete primeiros meses deste ano. De janeiro a julho foram abertas 461.411 vagas formais, varia\u00e7\u00e3o de 1,20% sobre o estoque. Em 2018, no mesmo per\u00edodo, as novas vagas tinham somado 448.263.<\/p>\n\n\n\n<p>Nos \u00faltimos 12 meses, o saldo ficou positivo em 521.542 empregos, varia\u00e7\u00e3o de +1,36%. Assim como no acumulado do ano, os \u00faltimos 12 meses tiveram crescimento maior do que no per\u00edodo anterior. Em 2018, o saldo tinha ficado positivo em 286.121 vagas.<\/p>\n\n\n\n<p>BemParan\u00e1<\/p>\n","protected":false},"excerpt":{"rendered":"<p>O Paran\u00e1 manteve a tend\u00eancia de crescimento na cria\u00e7\u00e3o de empregos e abriu 571 vagas formais no m\u00eas de julho, de acordo com dados do Cadastro Geral de Empregados e Desempregados (Caged) divulgados nesta sexta-feira (23) pelo Minist\u00e9rio da Economia. Os setores que mais empregaram no Estado foram servi\u00e7os (2.248 novos postos) e constru\u00e7\u00e3o civil [&hellip;]<\/p>\n","protected":false},"author":2,"featured_media":18008,"comment_status":"open","ping_status":"open","sticky":false,"template":"","format":"standard","meta":{"advanced_seo_description":"","jetpack_seo_html_title":"","jetpack_seo_noindex":false,"_jetpack_memberships_contains_paid_content":false,"footnotes":""},"categories":[43],"tags":[],"class_list":{"0":"post-18007","1":"post","2":"type-post","3":"status-publish","4":"format-standard","5":"has-post-thumbnail","7":"category-cotidiano"},"jetpack_featured_media_url":"https:\/\/www.paranapraia.com.br\/wp-content\/uploads\/2019\/08\/sete.jpg","jetpack_sharing_enabled":true,"_links":{"self":[{"href":"https:\/\/www.paranapraia.com.br\/index.php\/wp-json\/wp\/v2\/posts\/18007"}],"collection":[{"href":"https:\/\/www.paranapraia.com.br\/index.php\/wp-json\/wp\/v2\/posts"}],"about":[{"href":"https:\/\/www.paranapraia.com.br\/index.php\/wp-json\/wp\/v2\/types\/post"}],"author":[{"embeddable":true,"href":"https:\/\/www.paranapraia.com.br\/index.php\/wp-json\/wp\/v2\/users\/2"}],"replies":[{"embeddable":true,"href":"https:\/\/www.paranapraia.com.br\/index.php\/wp-json\/wp\/v2\/comments?post=18007"}],"version-history":[{"count":1,"href":"https:\/\/www.paranapraia.com.br\/index.php\/wp-json\/wp\/v2\/posts\/18007\/revisions"}],"predecessor-version":[{"id":18009,"href":"https:\/\/www.paranapraia.com.br\/index.php\/wp-json\/wp\/v2\/posts\/18007\/revisions\/18009"}],"wp:featuredmedia":[{"embeddable":true,"href":"https:\/\/www.paranapraia.com.br\/index.php\/wp-json\/wp\/v2\/media\/18008"}],"wp:attachment":[{"href":"https:\/\/www.paranapraia.com.br\/index.php\/wp-json\/wp\/v2\/media?parent=18007"}],"wp:term":[{"taxonomy":"category","embeddable":true,"href":"https:\/\/www.paranapraia.com.br\/index.php\/wp-json\/wp\/v2\/categories?post=18007"},{"taxonomy":"post_tag","embeddable":true,"href":"https:\/\/www.paranapraia.com.br\/index.php\/wp-json\/wp\/v2\/tags?post=18007"}],"curies":[{"name":"wp","href":"https:\/\/api.w.org\/{rel}","templated":true}]}}