{"id":17990,"date":"2019-08-23T14:41:02","date_gmt":"2019-08-23T17:41:02","guid":{"rendered":"https:\/\/www.paranapraia.com.br\/?p=17990"},"modified":"2019-08-23T14:41:04","modified_gmt":"2019-08-23T17:41:04","slug":"queimadas-sempre-ocorreram-mas-nunca-incentivadas-por-discurso-de-um-presidente-diz-marina-silva","status":"publish","type":"post","link":"https:\/\/www.paranapraia.com.br\/index.php\/2019\/08\/23\/queimadas-sempre-ocorreram-mas-nunca-incentivadas-por-discurso-de-um-presidente-diz-marina-silva\/","title":{"rendered":"Queimadas sempre ocorreram, mas nunca incentivadas por discurso de um presidente, diz Marina Silva"},"content":{"rendered":"\n<p>Em uma r\u00e1pida avalia\u00e7\u00e3o da gest\u00e3o de Ricardo Salles a frente do Minist\u00e9rio do Meio Ambiente, a ex-ocupante do cargo Marina Silva \u00e9 sucinta: &#8220;ele cometeu todos os erros&#8221;.<\/p>\n\n\n\n<p>O principal deles, diz, ocorreu bem no come\u00e7o, quando Salles aceitou o convite do presidente Jair Bolsonaro para comandar a pasta.<\/p>\n\n\n\n<p>&#8220;O segundo erro foi ter aceitado a tarefa de destruir a governan\u00e7a ambiental brasileira&#8221;, disse Marina, que assumiu o minist\u00e9rio por cinco anos, durante os mandatos de Lula, e foi advers\u00e1ria de Bolsonaro nas elei\u00e7\u00f5es presidenciais de 2018.<\/p>\n\n\n\n<p>Em entrevista a BBC News Brasil, Marina falou sobre as queimadas que v\u00eam devastando a regi\u00e3o amaz\u00f4nica nas \u00faltimas duas semanas e da responsabilidade do atual governo sobre esse cen\u00e1rio.<\/p>\n\n\n\n<p>Segundo a ex-ministra, inc\u00eandios sempre ocorreram, mas nunca incentivados pelo discurso de um presidente. Para ela, de todos as gest\u00f5es que j\u00e1 estiveram \u00e0 frente do Brasil, incluindo na ditadura militar, esta ser\u00e1 a \u00fanica que n\u00e3o deixar\u00e1 uma contribu\u00e7\u00e3o \u00e0 conserva\u00e7\u00e3o da floresta, mas poder\u00e1 levar \u00e0 sua &#8220;destrui\u00e7\u00e3o total&#8221;.<\/p>\n\n\n\n<p>Contra as acusa\u00e7\u00f5es de que estaria sumida do debate p\u00fablico, convida os cr\u00edticos a olharem sua agenda e diz que a atual crise ambiental do Brasil lhe causa &#8220;muita tristeza e indigna\u00e7\u00e3o&#8221;.<\/p>\n\n\n\n<p>&#8220;Para quem trabalhou e conseguiu, por pol\u00edticas p\u00fablicas, uma redu\u00e7\u00e3o de 83% de desmatamento durante dez anos \u00e9 muito triste ver tudo isso virando cinzas&#8221;, diz.<\/p>\n\n\n\n<p>Leia os principais trechos da entrevista abaixo.<\/p>\n\n\n\n<p><strong>BBC News Brasil&nbsp;<\/strong><strong>\u2013<\/strong><strong>&nbsp;A senhora publicou um artigo recentemente chamando&nbsp;<\/strong><strong>de &#8220;holocausto&#8221;&nbsp;<\/strong><strong>a onda de inc\u00eandios que atinge a Amaz\u00f4nia. A partir de sua experi\u00eancia como moradora da floresta, ativista e ministra do Meio Ambiente, qual \u00e9 a propor\u00e7\u00e3o da destrui\u00e7\u00e3o que vemos hoje em compara\u00e7\u00e3o a outros momentos hist\u00f3ricos? Por que ela \u00e9 t\u00e3o preocupante?<\/strong><\/p>\n\n\n\n<p><strong>Marina Silva&nbsp;<\/strong>\u2013 Primeiro, \u00e9 a maior quantidade de focos de queimadas na Amaz\u00f4nia desde que se tem monitoramento por sat\u00e9lite. Segundo, 70% dos focos de queimadas que temos hoje no Brasil est\u00e3o na Amaz\u00f4nia. De cada tr\u00eas focos de queimada em um pa\u00eds da dimens\u00e3o territorial do Brasil, dois est\u00e3o na Amaz\u00f4nia.<\/p>\n\n\n\n<p>Terceiro, a perda da biodiversidade, a destrui\u00e7\u00e3o da floresta e a vulnerabilidade em que ficam as popula\u00e7\u00f5es locais. E tamb\u00e9m saber que boa parte desses inc\u00eandios s\u00e3o em terras p\u00fablicas que foram invadidas ilegalmente em fun\u00e7\u00e3o da mensagem totalmente desastrosa, inaceit\u00e1vel que o governo Bolsonaro passou.<\/p>\n\n\n\n<p>BBC<\/p>\n","protected":false},"excerpt":{"rendered":"<p>Em uma r\u00e1pida avalia\u00e7\u00e3o da gest\u00e3o de Ricardo Salles a frente do Minist\u00e9rio do Meio Ambiente, a ex-ocupante do cargo Marina Silva \u00e9 sucinta: &#8220;ele cometeu todos os erros&#8221;. O principal deles, diz, ocorreu bem no come\u00e7o, quando Salles aceitou o convite do presidente Jair Bolsonaro para comandar a pasta. &#8220;O segundo erro foi ter [&hellip;]<\/p>\n","protected":false},"author":2,"featured_media":17991,"comment_status":"open","ping_status":"open","sticky":false,"template":"","format":"standard","meta":{"advanced_seo_description":"","jetpack_seo_html_title":"","jetpack_seo_noindex":false,"_jetpack_memberships_contains_paid_content":false,"footnotes":""},"categories":[43],"tags":[],"class_list":{"0":"post-17990","1":"post","2":"type-post","3":"status-publish","4":"format-standard","5":"has-post-thumbnail","7":"category-cotidiano"},"jetpack_featured_media_url":"https:\/\/www.paranapraia.com.br\/wp-content\/uploads\/2019\/08\/msi.jpg","jetpack_sharing_enabled":true,"_links":{"self":[{"href":"https:\/\/www.paranapraia.com.br\/index.php\/wp-json\/wp\/v2\/posts\/17990"}],"collection":[{"href":"https:\/\/www.paranapraia.com.br\/index.php\/wp-json\/wp\/v2\/posts"}],"about":[{"href":"https:\/\/www.paranapraia.com.br\/index.php\/wp-json\/wp\/v2\/types\/post"}],"author":[{"embeddable":true,"href":"https:\/\/www.paranapraia.com.br\/index.php\/wp-json\/wp\/v2\/users\/2"}],"replies":[{"embeddable":true,"href":"https:\/\/www.paranapraia.com.br\/index.php\/wp-json\/wp\/v2\/comments?post=17990"}],"version-history":[{"count":1,"href":"https:\/\/www.paranapraia.com.br\/index.php\/wp-json\/wp\/v2\/posts\/17990\/revisions"}],"predecessor-version":[{"id":17992,"href":"https:\/\/www.paranapraia.com.br\/index.php\/wp-json\/wp\/v2\/posts\/17990\/revisions\/17992"}],"wp:featuredmedia":[{"embeddable":true,"href":"https:\/\/www.paranapraia.com.br\/index.php\/wp-json\/wp\/v2\/media\/17991"}],"wp:attachment":[{"href":"https:\/\/www.paranapraia.com.br\/index.php\/wp-json\/wp\/v2\/media?parent=17990"}],"wp:term":[{"taxonomy":"category","embeddable":true,"href":"https:\/\/www.paranapraia.com.br\/index.php\/wp-json\/wp\/v2\/categories?post=17990"},{"taxonomy":"post_tag","embeddable":true,"href":"https:\/\/www.paranapraia.com.br\/index.php\/wp-json\/wp\/v2\/tags?post=17990"}],"curies":[{"name":"wp","href":"https:\/\/api.w.org\/{rel}","templated":true}]}}