{"id":17987,"date":"2019-08-23T14:39:56","date_gmt":"2019-08-23T17:39:56","guid":{"rendered":"https:\/\/www.paranapraia.com.br\/?p=17987"},"modified":"2019-08-23T14:39:57","modified_gmt":"2019-08-23T17:39:57","slug":"bolsonaro-o-inflamador-midia-internacional-sobe-o-tom-de-criticas-ao-brasil","status":"publish","type":"post","link":"https:\/\/www.paranapraia.com.br\/index.php\/2019\/08\/23\/bolsonaro-o-inflamador-midia-internacional-sobe-o-tom-de-criticas-ao-brasil\/","title":{"rendered":"Bolsonaro, &#8216;o inflamador&#8217;: m\u00eddia internacional sobe o tom de cr\u00edticas ao Brasil"},"content":{"rendered":"\n<p>&#8220;O Inflamador&#8221; \u00e9 como o site da influente revista alem\u00e3 Der Spiegel se refere ao presidente Jair Bolsonaro, que segue ganhando grande destaque na m\u00eddia mundial nesta sexta (23\/8). V\u00e1rios l\u00edderes mundiais &#8211; e textos na imprensa &#8211; subiram o tom das cr\u00edticas ao governante brasileiro por sua postura diante da crise das queimadas na\u00a0Amaz\u00f4nia.<\/p>\n\n\n\n<p>&#8220;Desde que o Brasil \u00e9 governado pelo pregador de \u00f3dio de extrema direita Jair Bolsonaro, o mundo olha com preocupa\u00e7\u00e3o ao principal sistema ecol\u00f3gico da Terra&#8221;, opina a Spiegel.<\/p>\n\n\n\n<p>A revista relata a desconfian\u00e7a do presidente de que ONGs estariam envolvidas nos inc\u00eandios florestais. &#8220;\u00c9 bobagem, mas combina com a vis\u00e3o de um homem que tamb\u00e9m acredita que ir ao banheiro uma vez a cada dois dias seria uma boa contribui\u00e7\u00e3o para a prote\u00e7\u00e3o do meio ambiente&#8221;, diz a publica\u00e7\u00e3o.<\/p>\n\n\n\n<p>No americano Washington Post, reportagem diz que &#8220;os sinais da crise (ambiental) est\u00e3o por todos os lados&#8221;, citando a nuvem espessa que cobriu S\u00e3o Paulo recentemente e o aumento das discuss\u00f5es sobre a Amaz\u00f4nia nas redes sociais.<\/p>\n\n\n\n<p>&#8220;Mas o presidente Jair Bolsonaro, o homem que teria a maior capacidade para conter a crise na Amaz\u00f4nia, n\u00e3o est\u00e1 apenas desdenhando o problema. Est\u00e1 insinuando que isso est\u00e1 sendo orquestrado para prejudic\u00e1-lo.&#8221;<\/p>\n\n\n\n<figure class=\"wp-block-image\"><img decoding=\"async\" src=\"https:\/\/ichef.bbci.co.uk\/news\/624\/cpsprodpb\/1CDE\/production\/_108409370_nyt.jpg\" alt=\"Reportagem do NYT sobre inc\u00eandios\"\/><figcaption>Image caption&#8217;Com Amaz\u00f4nia incandescente, Brasil enfrenta revolta global&#8217;, diz reportagem do New York Times<\/figcaption><\/figure>\n\n\n\n<p>No New York Times, reportagem de quinta-feira (22\/8) afirmava que &#8220;enquanto dezenas de inc\u00eandios queimavam grandes partes da Amaz\u00f4nia, o governo brasileiro lutava para conter a indigna\u00e7\u00e3o global quanto a suas pol\u00edticas ambientais, que pavimentaram o caminho para o desmatamento descontrolado na maior floresta tropical do mundo&#8221;.<\/p>\n\n\n\n<p>No Reino Unido, o jornal The Guardian afirmou que &#8220;Bolsonaro piorou as coisas ao enfraquecer a ag\u00eancia (de fiscaliza\u00e7\u00e3o) ambiental, atacar ONGs de preserva\u00e7\u00e3o e promover a abertura da Amaz\u00f4nia para minera\u00e7\u00e3o, agricultura e madeireiras&#8221;.<\/p>\n\n\n\n<p>&#8220;O l\u00edder de extrema direita desconsiderou dados de sat\u00e9lite sobre desmatamento e demitiu o chefe do instituto de pesquisas espaciais (Inpe). Mas n\u00e3o \u00e9 s\u00f3 culpa dele. O lobby do agroneg\u00f3cio \u00e9 forte em Bras\u00edlia e tem continuamente erodido o sistema de prote\u00e7\u00e3o (ambiental) t\u00e3o bem-sucedido entre 2005 a 2014. O desmatamento cresceu nos \u00faltimos cinco anos, sob o governo dos presidentes Dilma Rousseff e Michel Temer&#8221;, acrescenta o texto.<\/p>\n\n\n\n<p>No site do jornal econ\u00f4mico brit\u00e2nico Financial Times, uma das manchetes desta sexta era &#8220;Cr\u00edticas internacionais aumentam por conta de inc\u00eandios na Amaz\u00f4nia&#8221;, destacando a rea\u00e7\u00e3o de governos europeus &#8211; como o irland\u00eas e o franc\u00eas &#8211; amea\u00e7ando n\u00e3o apoiar a ratifica\u00e7\u00e3o do acordo comercial entre Uni\u00e3o Europeia e Mercosul, tema que deve ser discutido em encontro do G7 neste fim de semana, na Fran\u00e7a.<\/p>\n\n\n\n<p>A declara\u00e7\u00e3o do governo franc\u00eas de Emmanuel Macron, que acusou Bolsonaro de &#8220;mentir&#8221; sobre seu compromisso com metas clim\u00e1ticas no encontro de ambos em junho, no G20, estampou a manchete online do jornal franc\u00eas Le Figaro.<\/p>\n\n\n\n<p>Enquanto isso, o Le Monde afirmou que &#8220;a Amaz\u00f4nia paga (o pre\u00e7o pela) pol\u00edtica do presidente brasileiro&#8221;, citando o aumento nas queimadas neste ano em rela\u00e7\u00e3o ao ano anterior.<\/p>\n\n\n\n<p>BBC<\/p>\n\n\n\n<p><\/p>\n","protected":false},"excerpt":{"rendered":"<p>&#8220;O Inflamador&#8221; \u00e9 como o site da influente revista alem\u00e3 Der Spiegel se refere ao presidente Jair Bolsonaro, que segue ganhando grande destaque na m\u00eddia mundial nesta sexta (23\/8). V\u00e1rios l\u00edderes mundiais &#8211; e textos na imprensa &#8211; subiram o tom das cr\u00edticas ao governante brasileiro por sua postura diante da crise das queimadas na\u00a0Amaz\u00f4nia. [&hellip;]<\/p>\n","protected":false},"author":2,"featured_media":17988,"comment_status":"open","ping_status":"open","sticky":false,"template":"","format":"standard","meta":{"advanced_seo_description":"","jetpack_seo_html_title":"","jetpack_seo_noindex":false,"_jetpack_memberships_contains_paid_content":false,"footnotes":""},"categories":[32],"tags":[],"class_list":{"0":"post-17987","1":"post","2":"type-post","3":"status-publish","4":"format-standard","5":"has-post-thumbnail","7":"category-politica"},"jetpack_featured_media_url":"https:\/\/www.paranapraia.com.br\/wp-content\/uploads\/2019\/08\/on.jpg","jetpack_sharing_enabled":true,"_links":{"self":[{"href":"https:\/\/www.paranapraia.com.br\/index.php\/wp-json\/wp\/v2\/posts\/17987"}],"collection":[{"href":"https:\/\/www.paranapraia.com.br\/index.php\/wp-json\/wp\/v2\/posts"}],"about":[{"href":"https:\/\/www.paranapraia.com.br\/index.php\/wp-json\/wp\/v2\/types\/post"}],"author":[{"embeddable":true,"href":"https:\/\/www.paranapraia.com.br\/index.php\/wp-json\/wp\/v2\/users\/2"}],"replies":[{"embeddable":true,"href":"https:\/\/www.paranapraia.com.br\/index.php\/wp-json\/wp\/v2\/comments?post=17987"}],"version-history":[{"count":1,"href":"https:\/\/www.paranapraia.com.br\/index.php\/wp-json\/wp\/v2\/posts\/17987\/revisions"}],"predecessor-version":[{"id":17989,"href":"https:\/\/www.paranapraia.com.br\/index.php\/wp-json\/wp\/v2\/posts\/17987\/revisions\/17989"}],"wp:featuredmedia":[{"embeddable":true,"href":"https:\/\/www.paranapraia.com.br\/index.php\/wp-json\/wp\/v2\/media\/17988"}],"wp:attachment":[{"href":"https:\/\/www.paranapraia.com.br\/index.php\/wp-json\/wp\/v2\/media?parent=17987"}],"wp:term":[{"taxonomy":"category","embeddable":true,"href":"https:\/\/www.paranapraia.com.br\/index.php\/wp-json\/wp\/v2\/categories?post=17987"},{"taxonomy":"post_tag","embeddable":true,"href":"https:\/\/www.paranapraia.com.br\/index.php\/wp-json\/wp\/v2\/tags?post=17987"}],"curies":[{"name":"wp","href":"https:\/\/api.w.org\/{rel}","templated":true}]}}