{"id":17980,"date":"2019-08-23T14:30:19","date_gmt":"2019-08-23T17:30:19","guid":{"rendered":"https:\/\/www.paranapraia.com.br\/?p=17980"},"modified":"2019-08-23T14:30:21","modified_gmt":"2019-08-23T17:30:21","slug":"boris-johnson-nao-aprendeu-nada-com-sua-antecessora","status":"publish","type":"post","link":"https:\/\/www.paranapraia.com.br\/index.php\/2019\/08\/23\/boris-johnson-nao-aprendeu-nada-com-sua-antecessora\/","title":{"rendered":"&#8216;Boris Johnson n\u00e3o aprendeu nada com sua antecessora&#8217;"},"content":{"rendered":"\n<p>A sa\u00edda do Reino Unido da Uni\u00e3o Europeia (UE) ter\u00e1 consequ\u00eancias de longo prazo para o bloco, principalmente em termos militares e diplom\u00e1ticos. A avalia\u00e7\u00e3o \u00e9 de Michael Leigh, ex-diretor da Comiss\u00e3o Europeia para expans\u00e3o do bloco. Ele participou nesta quinta-feira de semin\u00e1rio na Funda\u00e7\u00e3o Fernando Henrique Cardoso, em S\u00e3o Paulo.<\/p>\n\n\n\n<p>Na avalia\u00e7\u00e3o do diplomata, hoje professor da Universidade John Hopkins, sem o Reino Unido a UE perde for\u00e7a no Conselho de Seguran\u00e7a da ONU, onde Paris e Londres atuam em bloco. Os outros pa\u00edses com assento permanente no \u00f3rg\u00e3o s\u00e3o EUA, R\u00fassia e China.<\/p>\n\n\n\n<p>&#8220;A aus\u00eancia do Reino Unido no bloco implicaria uma perda de proje\u00e7\u00e3o de poder militar e diplom\u00e1tico para Bruxelas&#8221;, diz Leigh. Os principais beneficiados dessa perda de import\u00e2ncia seriam a China e a R\u00fassia. Segundo Leigh, o Brexit traz tr\u00eas cen\u00e1rios poss\u00edveis para a UE. O primeiro \u00e9 a refunda\u00e7\u00e3o do bloco, defendida pelo presidente franc\u00eas, Emmanuel Macron, que ontem disse ao premi\u00ea brit\u00e2nico, Boris Johnson, que n\u00e3o h\u00e1 mais tempo para negociar novo acordo.<\/p>\n\n\n\n<p>A segunda \u00e9 o colapso. A \u00faltima, e mais prov\u00e1vel, \u00e9 uma consolida\u00e7\u00e3o do status quo atual, com pequenas reformas. Ontem, Leigh concedeu a seguinte entrevista ao<strong>Estado\/Broadcast<\/strong>.<\/p>\n\n\n\n<p><strong>O que levou Putin a tentar influenciar a onda populista na Europa?<\/strong><\/p>\n\n\n\n<p>O interesse da R\u00fassia \u00e9 dividir a UE, principalmente depois da crise da Ucr\u00e2nia e das san\u00e7\u00f5es aplicadas por Bruxelas contra Moscou. Putin n\u00e3o necessariamente \u00e9 um f\u00e3 de (Matteo) Salvini e (Marine) Le Pen, mas v\u00ea neles uma oportunidade de enfraquecer a unidade europeia.<\/p>\n\n\n\n<p><strong>Como uma UE enfraquecida influi no combate \u00e0s mudan\u00e7as clim\u00e1ticas?<\/strong><\/p>\n\n\n\n<p>A UE perde for\u00e7a por um lado porque, apesar de o Reino Unido ter apoiado os acordos de Paris, passar\u00e1 a sofrer influ\u00eancia nesse sentido por parte dos EUA. Por outro lado, a opini\u00e3o p\u00fablica europeia \u00e9 muito mobilizada em torno dessa quest\u00e3o e os verdes cresceram muito na \u00faltima elei\u00e7\u00e3o europeia.<\/p>\n\n\n\n<p><strong>O sr. aponta como um erro de Theresa May ter estipulado condi\u00e7\u00f5es inegoci\u00e1veis j\u00e1 antes de come\u00e7ar a negociar um acordo do Brexit com a UE. Johnson n\u00e3o est\u00e1 fazendo o mesmo ao dizer que o &#8220;backstop&#8221; tem de ser removido?<\/strong><\/p>\n\n\n\n<p>Johnson n\u00e3o aprendeu nada com sua antecessora. Ele est\u00e1 cometendo os mesmos erros. Primeiro, ele desenhou as linhas vermelhas das quais n\u00e3o poder\u00e1 voltar atr\u00e1s. Ele disse que n\u00e3o pode haver em um futuro acordo um &#8220;backstop&#8221; (rede de seguran\u00e7a para manter uma uni\u00e3o aduaneira entre a UE e a Irlanda do Norte e, assim, evitar uma fronteira entre as Irlandas). Sabemos que os demais 27 Estados-membros da Uni\u00e3o Europeia veem o &#8220;backstop&#8221; como indispens\u00e1vel e apoiam fortemente a Irlanda nesse ponto. O segundo erro que ele cometeu \u00e9 dar uma impress\u00e3o enganosa de que, apesar das posi\u00e7\u00f5es claras de (Angela) Merkel e de Macron, ele conseguir\u00e1 um destravamento das negocia\u00e7\u00f5es. Ele est\u00e1 cometendo erros, mas provavelmente ao faz\u00ea-lo est\u00e1 preparando a forma de tirar a responsabilidade dele mesmo e jog\u00e1-la para a UE.<\/p>\n\n\n\n<p><strong>Macron e Merkel v\u00eam mostrando algumas diferen\u00e7as a respeito do Brexit, e de como salvar o acordo e evitar um Brexit sem acordo em 31 de outubro. Como o sr. avalia as rea\u00e7\u00f5es dos dois \u00e0s visitas de Johnson e a suas linhas vermelhas?<\/strong><\/p>\n\n\n\n<p>Apesar de apar\u00eancias e alega\u00e7\u00f5es afirmando o contr\u00e1rio, a posi\u00e7\u00e3o deles na subst\u00e2ncia (do Brexit) \u00e9 a mesma. A imprensa brit\u00e2nica se agarrou \u00e0 ideia de que Merkel teria dito que, ao longo dos pr\u00f3ximos 30 dias, poderia haver algum destravamento, mas, na verdade, ela n\u00e3o mudou sua posi\u00e7\u00e3o em nada e mant\u00e9m a mesma posi\u00e7\u00e3o de todos os outros Estados-membros, incluindo a Fran\u00e7a, de que o acordo que foi negociado e n\u00e3o pode ser reaberto a este ponto.<\/p>\n\n\n\n<p><strong>O sr. estima em 60% o risco de um Brexit sem acordo em 31 de outubro e em 35% o risco de adiamento. O que pode ocorrer logo ap\u00f3s o 31 de outubro?<\/strong><\/p>\n\n\n\n<p>Se o Reino Unido sair, de fato, em 31 de outubro, far\u00e1 isso sem um acordo, pois n\u00e3o h\u00e1 nenhuma possibilidade de se concluir um pacto nesse per\u00edodo curto, e dada a clareza da UE de que o acordo sobre a mesa n\u00e3o pode ser renegociado. Certamente, haver\u00e1 um per\u00edodo consider\u00e1vel de caos em que o com\u00e9rcio sofrer\u00e1 uma ruptura, o transporte sofrer\u00e1 uma ruptura e rela\u00e7\u00f5es normais entre o Reino Unido e o continente europeu sofrer\u00e3o uma ruptura. Quanto tempo isso vai durar? N\u00e3o sei. Venha o que vier, o Reino Unido ter\u00e1 de se engajar em mais negocia\u00e7\u00f5es com a UE.<\/p>\n\n\n\n<p><strong>Qual a chance de um novo adiamento?<\/strong><\/p>\n\n\n\n<p>Diria que h\u00e1 uma chance muito pequena de um pedido de posterga\u00e7\u00e3o ou para adentrar novas negocia\u00e7\u00f5es, mais substantivas. No lado europeu, haver\u00e1 preocupa\u00e7\u00e3o com a ruptura no com\u00e9rcio, e Johnson enfrentar\u00e1 um lobby claro da comunidade empresarial e de outras para tentar evitar consequ\u00eancias muito s\u00e9rias.\\<\/p>\n\n\n\n<p>BemParan\u00e1<\/p>\n","protected":false},"excerpt":{"rendered":"<p>A sa\u00edda do Reino Unido da Uni\u00e3o Europeia (UE) ter\u00e1 consequ\u00eancias de longo prazo para o bloco, principalmente em termos militares e diplom\u00e1ticos. A avalia\u00e7\u00e3o \u00e9 de Michael Leigh, ex-diretor da Comiss\u00e3o Europeia para expans\u00e3o do bloco. Ele participou nesta quinta-feira de semin\u00e1rio na Funda\u00e7\u00e3o Fernando Henrique Cardoso, em S\u00e3o Paulo. Na avalia\u00e7\u00e3o do diplomata, [&hellip;]<\/p>\n","protected":false},"author":2,"featured_media":17982,"comment_status":"open","ping_status":"open","sticky":false,"template":"","format":"standard","meta":{"advanced_seo_description":"","jetpack_seo_html_title":"","jetpack_seo_noindex":false,"_jetpack_memberships_contains_paid_content":false,"footnotes":""},"categories":[43],"tags":[],"class_list":{"0":"post-17980","1":"post","2":"type-post","3":"status-publish","4":"format-standard","5":"has-post-thumbnail","7":"category-cotidiano"},"jetpack_featured_media_url":"https:\/\/www.paranapraia.com.br\/wp-content\/uploads\/2019\/08\/betanha.jpg","jetpack_sharing_enabled":true,"_links":{"self":[{"href":"https:\/\/www.paranapraia.com.br\/index.php\/wp-json\/wp\/v2\/posts\/17980"}],"collection":[{"href":"https:\/\/www.paranapraia.com.br\/index.php\/wp-json\/wp\/v2\/posts"}],"about":[{"href":"https:\/\/www.paranapraia.com.br\/index.php\/wp-json\/wp\/v2\/types\/post"}],"author":[{"embeddable":true,"href":"https:\/\/www.paranapraia.com.br\/index.php\/wp-json\/wp\/v2\/users\/2"}],"replies":[{"embeddable":true,"href":"https:\/\/www.paranapraia.com.br\/index.php\/wp-json\/wp\/v2\/comments?post=17980"}],"version-history":[{"count":1,"href":"https:\/\/www.paranapraia.com.br\/index.php\/wp-json\/wp\/v2\/posts\/17980\/revisions"}],"predecessor-version":[{"id":17983,"href":"https:\/\/www.paranapraia.com.br\/index.php\/wp-json\/wp\/v2\/posts\/17980\/revisions\/17983"}],"wp:featuredmedia":[{"embeddable":true,"href":"https:\/\/www.paranapraia.com.br\/index.php\/wp-json\/wp\/v2\/media\/17982"}],"wp:attachment":[{"href":"https:\/\/www.paranapraia.com.br\/index.php\/wp-json\/wp\/v2\/media?parent=17980"}],"wp:term":[{"taxonomy":"category","embeddable":true,"href":"https:\/\/www.paranapraia.com.br\/index.php\/wp-json\/wp\/v2\/categories?post=17980"},{"taxonomy":"post_tag","embeddable":true,"href":"https:\/\/www.paranapraia.com.br\/index.php\/wp-json\/wp\/v2\/tags?post=17980"}],"curies":[{"name":"wp","href":"https:\/\/api.w.org\/{rel}","templated":true}]}}