{"id":17968,"date":"2019-08-23T11:51:41","date_gmt":"2019-08-23T14:51:41","guid":{"rendered":"https:\/\/www.paranapraia.com.br\/?p=17968"},"modified":"2019-08-23T11:51:42","modified_gmt":"2019-08-23T14:51:42","slug":"ex-presidente-da-petrobras-e-empresario-ligado-a-banco-sao-alvos-da-lava-jato","status":"publish","type":"post","link":"https:\/\/www.paranapraia.com.br\/index.php\/2019\/08\/23\/ex-presidente-da-petrobras-e-empresario-ligado-a-banco-sao-alvos-da-lava-jato\/","title":{"rendered":"Ex-presidente da Petrobras e empres\u00e1rio ligado a banco s\u00e3o alvos da Lava Jato"},"content":{"rendered":"\n<figure class=\"wp-block-image\"><img decoding=\"async\" src=\"https:\/\/www.tribunapr.com.br\/wp-content\/uploads\/sites\/1\/2019\/08\/PF-825x509.jpg?a86372\" alt=\"\"\/><\/figure>\n\n\n\n<p>A Pol\u00edcia Federal deflagrou nesta sexta-feira (23) a 64\u00aa fase da opera\u00e7\u00e3o&nbsp;<strong>Lava Jato<\/strong>.&nbsp;De acordo com o Minist\u00e9rio P\u00fablico Federal (MPF), policiais fazem busca e apreens\u00e3o em endere\u00e7os vinculados ao Banco BTG, do empres\u00e1rio&nbsp;<strong>Andr\u00e9 Santos Esteves<\/strong>&nbsp;e&nbsp;<strong>Maria das Gra\u00e7as Silva<\/strong>&nbsp;Foster, ex-presidente da&nbsp;<strong>Petrobras<\/strong>.<\/p>\n\n\n\n<p>De acordo com MPF, h\u00e1 suspeitas de vendas da Petrobras ao BTG de ativos na \u00c1frica com valor inferior ao de mercado. Ainda segundo o MPF,&nbsp;Antonio Palocci e Guido Mantega, ex-ministros no governo do PT, teriam acertado o repasse de R$ 15 milh\u00f5es para garantir privil\u00e9gios ao Banco BTG Pactual no projeto das sondas do pr\u00e9-sal da Petrobras.<\/p>\n\n\n\n<p>O MPF ainda diz, em nota, que a ex-presidente da Petrobras entre 2012 e 2015, Gra\u00e7a Foster, teria conhecimento do esquema de corrup\u00e7\u00e3o e n\u00e3o atuou para interromper a pr\u00e1tica, a partir de informa\u00e7\u00f5es em e-mails de Marcelo Odebrecht e prestadas por Palocci.<\/p>\n\n\n\n<p>TribunaPr<\/p>\n","protected":false},"excerpt":{"rendered":"<p>A Pol\u00edcia Federal deflagrou nesta sexta-feira (23) a 64\u00aa fase da opera\u00e7\u00e3o&nbsp;Lava Jato.&nbsp;De acordo com o Minist\u00e9rio P\u00fablico Federal (MPF), policiais fazem busca e apreens\u00e3o em endere\u00e7os vinculados ao Banco BTG, do empres\u00e1rio&nbsp;Andr\u00e9 Santos Esteves&nbsp;e&nbsp;Maria das Gra\u00e7as Silva&nbsp;Foster, ex-presidente da&nbsp;Petrobras. De acordo com MPF, h\u00e1 suspeitas de vendas da Petrobras ao BTG de ativos na [&hellip;]<\/p>\n","protected":false},"author":2,"featured_media":17969,"comment_status":"open","ping_status":"open","sticky":false,"template":"","format":"standard","meta":{"advanced_seo_description":"","jetpack_seo_html_title":"","jetpack_seo_noindex":false,"_jetpack_memberships_contains_paid_content":false,"footnotes":""},"categories":[33,32],"tags":[],"class_list":{"0":"post-17968","1":"post","2":"type-post","3":"status-publish","4":"format-standard","5":"has-post-thumbnail","7":"category-policia","8":"category-politica"},"jetpack_featured_media_url":"https:\/\/www.paranapraia.com.br\/wp-content\/uploads\/2019\/08\/pfpr.jpg","jetpack_sharing_enabled":true,"_links":{"self":[{"href":"https:\/\/www.paranapraia.com.br\/index.php\/wp-json\/wp\/v2\/posts\/17968"}],"collection":[{"href":"https:\/\/www.paranapraia.com.br\/index.php\/wp-json\/wp\/v2\/posts"}],"about":[{"href":"https:\/\/www.paranapraia.com.br\/index.php\/wp-json\/wp\/v2\/types\/post"}],"author":[{"embeddable":true,"href":"https:\/\/www.paranapraia.com.br\/index.php\/wp-json\/wp\/v2\/users\/2"}],"replies":[{"embeddable":true,"href":"https:\/\/www.paranapraia.com.br\/index.php\/wp-json\/wp\/v2\/comments?post=17968"}],"version-history":[{"count":1,"href":"https:\/\/www.paranapraia.com.br\/index.php\/wp-json\/wp\/v2\/posts\/17968\/revisions"}],"predecessor-version":[{"id":17970,"href":"https:\/\/www.paranapraia.com.br\/index.php\/wp-json\/wp\/v2\/posts\/17968\/revisions\/17970"}],"wp:featuredmedia":[{"embeddable":true,"href":"https:\/\/www.paranapraia.com.br\/index.php\/wp-json\/wp\/v2\/media\/17969"}],"wp:attachment":[{"href":"https:\/\/www.paranapraia.com.br\/index.php\/wp-json\/wp\/v2\/media?parent=17968"}],"wp:term":[{"taxonomy":"category","embeddable":true,"href":"https:\/\/www.paranapraia.com.br\/index.php\/wp-json\/wp\/v2\/categories?post=17968"},{"taxonomy":"post_tag","embeddable":true,"href":"https:\/\/www.paranapraia.com.br\/index.php\/wp-json\/wp\/v2\/tags?post=17968"}],"curies":[{"name":"wp","href":"https:\/\/api.w.org\/{rel}","templated":true}]}}