{"id":17965,"date":"2019-08-23T11:50:38","date_gmt":"2019-08-23T14:50:38","guid":{"rendered":"https:\/\/www.paranapraia.com.br\/?p=17965"},"modified":"2019-08-23T11:50:39","modified_gmt":"2019-08-23T14:50:39","slug":"uma-pessoa-fica-ferida-em-batida-entre-tres-caminhoes-na-br-376-em-ponta-grossa","status":"publish","type":"post","link":"https:\/\/www.paranapraia.com.br\/index.php\/2019\/08\/23\/uma-pessoa-fica-ferida-em-batida-entre-tres-caminhoes-na-br-376-em-ponta-grossa\/","title":{"rendered":"Uma pessoa fica ferida em batida entre tr\u00eas caminh\u00f5es na BR-376, em Ponta Grossa"},"content":{"rendered":"\n<h4 class=\"wp-block-heading\">Uma faixa em cada sentido da pista precisou ser interditada para a limpeza da rodovia, durante a madrugada desta sexta-feira (23).<\/h4>\n\n\n\n<p>Um acidente envolvendo tr\u00eas caminh\u00f5es na BR-376, em Ponta Grossa, nos Campos Gerais do Paran\u00e1, na madrugada desta sexta-feira (23), bloqueou parcialmente a rodovia nos dois sentidos, segundo a Pol\u00edcia Rodovi\u00e1ria Federal (PRF). Uma pessoa ficou ferida.<\/p>\n\n\n\n<p>A PRF informou que um caminh\u00e3o tentou entrar na BR-376 quando bateu em outra carreta que estava parada no acostamento da rodovia e na lateral de outro caminh\u00e3o que viajava pela estrada.<\/p>\n\n\n\n<p>O motorista do caminh\u00e3o que tentava entrar na rodovia foi socorrido com traumatismo craniano e levado para o Pronto Socorro de Ponta Grossa. Os outros caminhoneiros n\u00e3o tiveram ferimentos.<\/p>\n\n\n\n<p>A PRF fez o teste do baf\u00f4metro com os motoristas, mas n\u00e3o foi registrada a ingest\u00e3o de \u00e1lcool.<\/p>\n\n\n\n<p>Com as batidas, houve derramamento de soja no local.<\/p>\n\n\n\n<p>De acordo com a pol\u00edcia, uma faixa em cada um dos sentidos da rodovia ficou interditada por cerca de tr\u00eas horas para que fosse feita a limpeza do local, na altura do km 500 da estrada.<\/p>\n\n\n\n<p>G1<\/p>\n","protected":false},"excerpt":{"rendered":"<p>Uma faixa em cada sentido da pista precisou ser interditada para a limpeza da rodovia, durante a madrugada desta sexta-feira (23). Um acidente envolvendo tr\u00eas caminh\u00f5es na BR-376, em Ponta Grossa, nos Campos Gerais do Paran\u00e1, na madrugada desta sexta-feira (23), bloqueou parcialmente a rodovia nos dois sentidos, segundo a Pol\u00edcia Rodovi\u00e1ria Federal (PRF). Uma [&hellip;]<\/p>\n","protected":false},"author":2,"featured_media":17966,"comment_status":"open","ping_status":"open","sticky":false,"template":"","format":"standard","meta":{"advanced_seo_description":"","jetpack_seo_html_title":"","jetpack_seo_noindex":false,"_jetpack_memberships_contains_paid_content":false,"footnotes":""},"categories":[42],"tags":[],"class_list":{"0":"post-17965","1":"post","2":"type-post","3":"status-publish","4":"format-standard","5":"has-post-thumbnail","7":"category-cidades"},"jetpack_featured_media_url":"https:\/\/www.paranapraia.com.br\/wp-content\/uploads\/2019\/08\/prfacii.jpg","jetpack_sharing_enabled":true,"_links":{"self":[{"href":"https:\/\/www.paranapraia.com.br\/index.php\/wp-json\/wp\/v2\/posts\/17965"}],"collection":[{"href":"https:\/\/www.paranapraia.com.br\/index.php\/wp-json\/wp\/v2\/posts"}],"about":[{"href":"https:\/\/www.paranapraia.com.br\/index.php\/wp-json\/wp\/v2\/types\/post"}],"author":[{"embeddable":true,"href":"https:\/\/www.paranapraia.com.br\/index.php\/wp-json\/wp\/v2\/users\/2"}],"replies":[{"embeddable":true,"href":"https:\/\/www.paranapraia.com.br\/index.php\/wp-json\/wp\/v2\/comments?post=17965"}],"version-history":[{"count":1,"href":"https:\/\/www.paranapraia.com.br\/index.php\/wp-json\/wp\/v2\/posts\/17965\/revisions"}],"predecessor-version":[{"id":17967,"href":"https:\/\/www.paranapraia.com.br\/index.php\/wp-json\/wp\/v2\/posts\/17965\/revisions\/17967"}],"wp:featuredmedia":[{"embeddable":true,"href":"https:\/\/www.paranapraia.com.br\/index.php\/wp-json\/wp\/v2\/media\/17966"}],"wp:attachment":[{"href":"https:\/\/www.paranapraia.com.br\/index.php\/wp-json\/wp\/v2\/media?parent=17965"}],"wp:term":[{"taxonomy":"category","embeddable":true,"href":"https:\/\/www.paranapraia.com.br\/index.php\/wp-json\/wp\/v2\/categories?post=17965"},{"taxonomy":"post_tag","embeddable":true,"href":"https:\/\/www.paranapraia.com.br\/index.php\/wp-json\/wp\/v2\/tags?post=17965"}],"curies":[{"name":"wp","href":"https:\/\/api.w.org\/{rel}","templated":true}]}}