{"id":17897,"date":"2019-08-22T16:12:35","date_gmt":"2019-08-22T19:12:35","guid":{"rendered":"https:\/\/www.paranapraia.com.br\/?p=17897"},"modified":"2019-08-22T16:12:36","modified_gmt":"2019-08-22T19:12:36","slug":"criancas-a-partir-de-seis-meses-devem-ser-vacinadas-contra-o-sarampo","status":"publish","type":"post","link":"https:\/\/www.paranapraia.com.br\/index.php\/2019\/08\/22\/criancas-a-partir-de-seis-meses-devem-ser-vacinadas-contra-o-sarampo\/","title":{"rendered":"Crian\u00e7as a partir de seis meses devem ser vacinadas contra o sarampo"},"content":{"rendered":"\n<p>A nova instru\u00e7\u00e3o do Minist\u00e9rio da Sa\u00fade indica que crian\u00e7as entre seis e onze meses de idade devem receber a dose zero da vacina contra o sarampo. Al\u00e9m desta dose, as crian\u00e7as receber\u00e3o mais duas \u2013 uma aos doze meses e outra com 15 meses de vida. Entre uma dose e outra da vacina \u00e9 sempre necess\u00e1rio o intervalo de um m\u00eas. A vacina estar\u00e1 dispon\u00edvel para este grupo a partir desta quinta-feira (22). O esquema vacinal anterior previa a imuniza\u00e7\u00e3o a partir dos 12 meses.<\/p>\n\n\n\n<p>De acordo com o minist\u00e9rio, a inclus\u00e3o deste grupo para vacina\u00e7\u00e3o se deu porque se trata de uma popula\u00e7\u00e3o vulner\u00e1vel e com riscos de complica\u00e7\u00f5es s\u00e9rias por conta doen\u00e7a, como otites, infec\u00e7\u00f5es respirat\u00f3rias e doen\u00e7as neurol\u00f3gicas. Em casos mais graves podem provocar a redu\u00e7\u00e3o da capacidade mental, surdez, cegueira e retardo do crescimento.<\/p>\n\n\n\n<p>O secret\u00e1rio de Estado da Sa\u00fade, Beto Preto, refor\u00e7a que o sarampo \u00e9 uma doen\u00e7a evit\u00e1vel com a vacina. \u201cJ\u00e1 tivemos uma \u00e9poca em que muitos sofriam as consequ\u00eancias do sarampo e at\u00e9 morriam, mas hoje contamos com a vacina, que \u00e9 altamente eficaz e evita a transmiss\u00e3o da doen\u00e7a. Por isso a preven\u00e7\u00e3o \u00e9 fundamental\u201d, destacou. \u201cN\u00f3s, da \u00e1rea da sa\u00fade, estamos preparados para atender toda a popula\u00e7\u00e3o indicada para receber as doses em todo o Estado\u201d.<\/p>\n\n\n\n<p>No Paran\u00e1, dois casos da doen\u00e7a foram confirmados e est\u00e3o sendo monitorados pela secretaria. Um deles \u00e9 de uma moradora de Campina Grande do Sul e o segundo, de um homem de 54 anos, foi confirmado na ter\u00e7a-feira (20) em Curitiba. Ambos passaram por S\u00e3o Paulo.<\/p>\n\n\n\n<p>CASOS SUSPEITOS &#8211;&nbsp;Nos \u00faltimos 90 dias, os estados notificaram mais de 10 mil casos suspeitos de sarampo ao Minist\u00e9rio da Sa\u00fade. Destes, os exames laboratoriais confirmaram casos distribu\u00eddos em 11 estados do pa\u00eds e mais de 7 mil ainda est\u00e3o em investiga\u00e7\u00e3o para verificar se \u00e9 ou n\u00e3o sarampo.<\/p>\n\n\n\n<p>No Paran\u00e1, al\u00e9m dos dois casos confirmados, a secretaria estadual da Sa\u00fade tem registros de mais 16 casos at\u00e9 esta quarta-feira (21). Todas estas pessoas est\u00e3o em monitoramento e investiga\u00e7\u00e3o para confirmar ou descartar a doen\u00e7a. As a\u00e7\u00f5es de bloqueio vacinal seletivo tamb\u00e9m foram realizadas.<\/p>\n\n\n\n<p>Em todas as notifica\u00e7\u00f5es de casos suspeitos no Paran\u00e1, as pessoas foram contaminadas em viagens pelo estado de S\u00e3o Paulo. \u201cTemos casos de pessoas que apenas passaram no aeroporto em S\u00e3o Paulo, outras que estiveram na capital para compras e tamb\u00e9m situa\u00e7\u00f5es de viagens para o interior paulista. Como o sarampo \u00e9 altamente contagioso, a transmiss\u00e3o pode ocorrer estando pr\u00f3ximo de algu\u00e9m contaminado, e se a pessoa n\u00e3o estiver vacinada o risco de ficar doente \u00e9 alt\u00edssimo\u201d, explica a coordenadora de Vigil\u00e2ncia Epidemiol\u00f3gica, Ac\u00e1cia Nasr.<\/p>\n\n\n\n<p>Os munic\u00edpios que t\u00eam casos notificados no Paran\u00e1 s\u00e3o: Campina Grande do Sul, Cascavel, Curitiba, Jacarezinho, Maring\u00e1, Rol\u00e2ndia, S\u00e3o Jorge D\u2019Oeste, S\u00e3o Jos\u00e9 dos Pinhais e Sulina. Em Ponta Grossa e Foz do Igua\u00e7u tamb\u00e9m acontece o bloqueio vacinal seletivo porque pessoas com suspeita ou confirma\u00e7\u00e3o da doen\u00e7a circularam nestas cidades.<\/p>\n\n\n\n<p>VACINA\u00c7\u00c3O&nbsp;&#8211; A vacina contra o sarampo \u00e9 gratuita e faz parte do Calend\u00e1rio Nacional de Vacina\u00e7\u00e3o. Agora, a dose zero deve ser aplicada em crian\u00e7as entre seis e onze meses. A dose n\u00famero 1 aos 12 meses de vida com a vacina tr\u00edplice viral (que previne sarampo, caxumba e rub\u00e9ola), e a dose 2 aos 15 meses com a vacina tetra viral (que previne sarampo, rub\u00e9ola, caxumba e varicela\/catapora).<\/p>\n\n\n\n<p>A popula\u00e7\u00e3o com at\u00e9 29 anos deve receber duas doses da vacina. Para as que est\u00e3o no grupo com idade entre 30 e 49 anos basta ter o registro de uma dose para serem consideradas vacinadas. Acima dos 50 anos, a vacina \u00e9 indicada apenas nos casos de bloqueio vacinal, ap\u00f3s a exposi\u00e7\u00e3o a casos de suspeita da doen\u00e7a ou confirmados.<\/p>\n\n\n\n<p>Pessoas imunodeprimidas, mulheres gr\u00e1vidas e menores de seis meses de idade n\u00e3o devem tomar a vacina. Profissionais da \u00e1rea da sa\u00fade devem ser imunizados, independente da idade.<\/p>\n\n\n\n<p>DOA\u00c7\u00c3O DE SANGUE&nbsp;\u2013 Neste per\u00edodo de inverno as doa\u00e7\u00f5es de sangue reduzem substancialmente. O Hemepar orienta que \u00e9 preciso primeiro fazer a doa\u00e7\u00e3o para depois tomar a vacina contra o sarampo. Pessoas que foram vacinadas devem aguardar 30 dias para que estejam liberadas para a doa\u00e7\u00e3o de sangue.<\/p>\n\n\n\n<p>LOCAIS\u00a0\u2013 No Paran\u00e1, todas as Unidades de Sa\u00fade B\u00e1sica t\u00eam a vacina contra o sarampo. Para receber a dose basta levar um documento com foto e a carteira de vacina\u00e7\u00e3o, caso tenha.<\/p>\n\n\n\n<p>BemParan\u00e1<\/p>\n","protected":false},"excerpt":{"rendered":"<p>A nova instru\u00e7\u00e3o do Minist\u00e9rio da Sa\u00fade indica que crian\u00e7as entre seis e onze meses de idade devem receber a dose zero da vacina contra o sarampo. Al\u00e9m desta dose, as crian\u00e7as receber\u00e3o mais duas \u2013 uma aos doze meses e outra com 15 meses de vida. Entre uma dose e outra da vacina \u00e9 [&hellip;]<\/p>\n","protected":false},"author":2,"featured_media":17898,"comment_status":"open","ping_status":"open","sticky":false,"template":"","format":"standard","meta":{"advanced_seo_description":"","jetpack_seo_html_title":"","jetpack_seo_noindex":false,"_jetpack_memberships_contains_paid_content":false,"footnotes":""},"categories":[43],"tags":[],"class_list":{"0":"post-17897","1":"post","2":"type-post","3":"status-publish","4":"format-standard","5":"has-post-thumbnail","7":"category-cotidiano"},"jetpack_featured_media_url":"https:\/\/www.paranapraia.com.br\/wp-content\/uploads\/2019\/08\/sarampoo.jpg","jetpack_sharing_enabled":true,"_links":{"self":[{"href":"https:\/\/www.paranapraia.com.br\/index.php\/wp-json\/wp\/v2\/posts\/17897"}],"collection":[{"href":"https:\/\/www.paranapraia.com.br\/index.php\/wp-json\/wp\/v2\/posts"}],"about":[{"href":"https:\/\/www.paranapraia.com.br\/index.php\/wp-json\/wp\/v2\/types\/post"}],"author":[{"embeddable":true,"href":"https:\/\/www.paranapraia.com.br\/index.php\/wp-json\/wp\/v2\/users\/2"}],"replies":[{"embeddable":true,"href":"https:\/\/www.paranapraia.com.br\/index.php\/wp-json\/wp\/v2\/comments?post=17897"}],"version-history":[{"count":1,"href":"https:\/\/www.paranapraia.com.br\/index.php\/wp-json\/wp\/v2\/posts\/17897\/revisions"}],"predecessor-version":[{"id":17899,"href":"https:\/\/www.paranapraia.com.br\/index.php\/wp-json\/wp\/v2\/posts\/17897\/revisions\/17899"}],"wp:featuredmedia":[{"embeddable":true,"href":"https:\/\/www.paranapraia.com.br\/index.php\/wp-json\/wp\/v2\/media\/17898"}],"wp:attachment":[{"href":"https:\/\/www.paranapraia.com.br\/index.php\/wp-json\/wp\/v2\/media?parent=17897"}],"wp:term":[{"taxonomy":"category","embeddable":true,"href":"https:\/\/www.paranapraia.com.br\/index.php\/wp-json\/wp\/v2\/categories?post=17897"},{"taxonomy":"post_tag","embeddable":true,"href":"https:\/\/www.paranapraia.com.br\/index.php\/wp-json\/wp\/v2\/tags?post=17897"}],"curies":[{"name":"wp","href":"https:\/\/api.w.org\/{rel}","templated":true}]}}