{"id":17370,"date":"2019-08-16T09:12:07","date_gmt":"2019-08-16T12:12:07","guid":{"rendered":"https:\/\/www.paranapraia.com.br\/?p=17370"},"modified":"2019-08-16T09:12:09","modified_gmt":"2019-08-16T12:12:09","slug":"obras-nos-pieres-da-ilha-do-mel-finalmente-vao-sair","status":"publish","type":"post","link":"https:\/\/www.paranapraia.com.br\/index.php\/2019\/08\/16\/obras-nos-pieres-da-ilha-do-mel-finalmente-vao-sair\/","title":{"rendered":"Obras nos p\u00ederes da Ilha do Mel finalmente v\u00e3o sair"},"content":{"rendered":"\n<h4 class=\"wp-block-heading\">Pontos de entrada de um dos lugares tur\u00edsticos mais visitados do Paran\u00e1, a Ilha do Mel, ser\u00e3o reformados ap\u00f3s diversos problemas<\/h4>\n\n\n\n<p>As\u00a0<strong>obras de reparo<\/strong>\u00a0no\u00a0<strong>trapiche<\/strong>\u00a0da Praia de Bras\u00edlia, na\u00a0<strong>Ilha do Mel<\/strong>, no Litoral do\u00a0<strong>Paran\u00e1<\/strong>, foram autorizadas pelo governo estadual nesta quinta-feira (16), ap\u00f3s uma s\u00e9rie de problemas na estrutura que se acumulam h\u00e1 tempos. Os reparos v\u00e3o se estender tamb\u00e9m para o trapiche da Praia de Encantadas.<\/p>\n\n\n\n<p>Ponto de chegada de um dos lugares tur\u00edsticos mais importantes do estado, o trapiche ficou dois anos sob um processo de reforma que acabou no fim de 2018, mas que n\u00e3o foi suficiente para evitar novos problemas: despencou quatro vezes num curto per\u00edodo de tempo e chegou a ser interditado pela Capitania dos Portos da Marinha.<\/p>\n\n\n\n<p>Durante evento na sede administrativa da empresa Portos do Paran\u00e1 nesta quinta, o governador Carlos Massa Ratinho Junior (PSD) afirmou que o prazo de entrega das obras ser\u00e1 de sete meses ap\u00f3s publicada a licita\u00e7\u00e3o \u2013 o que ainda n\u00e3o tem data para ocorrer.<\/p>\n\n\n\n<p>Em sua fala, Ratinho Jr. prometeu \u201ctrapiches muito mais modernos, com acessibilidade e conforto\u201d, que \u00e9 o que moradores v\u00eam reivindicando h\u00e1 tempos.<\/p>\n\n\n\n<p>Os problemas no trapiche de Bras\u00edlia come\u00e7aram a ganhar repercuss\u00e3o em agosto do ano passado, quando a estrutura ficou completamente embaixo d\u2019\u00e1gua mesmo ainda durante um per\u00edodo de reforma. Dois meses depois, moradores chegaram a pedir interdi\u00e7\u00e3o da passagem ao Minist\u00e9rio P\u00fablico do Paran\u00e1 diante das condi\u00e7\u00f5es prec\u00e1rias, que fizeram com que uma turista ca\u00edsse e precisasse levar 29 pontos na perna. A Marinha interditou parcialmente estrutura em fevereiro deste ano, mas pouca coisa foi resolvida. No \u00faltimo m\u00eas de maio, houve um novo desabamento.<\/p>\n\n\n\n<figure class=\"wp-block-image\"><img decoding=\"async\" src=\"https:\/\/www.tribunapr.com.br\/wp-content\/uploads\/sites\/1\/2019\/02\/trapiche-ilha-do-mel-foto-animpo-web-540x360.jpg?a86372\" alt=\"Marinha isolou \u00e1rea e notificou propriet\u00e1rio para resolver os problemas no trapiche. Foto: Divulga\u00e7\u00e3o\/Animpo\" class=\"wp-image-2945806\"\/><\/figure>\n\n\n\n<p>Marinha isolou \u00e1rea e notificou propriet\u00e1rio para resolver os problemas no trapiche. Foto: Divulga\u00e7\u00e3o\/Animpo<\/p>\n\n\n\n<p>As obras anunciadas fazem parte de um conjunto de 14 estruturas, com projetos custeados pela Administra\u00e7\u00e3o dos Portos do Paran\u00e1 (Appa): nove ser\u00e3o reformadas e cinco ser\u00e3o constru\u00eddos.<\/p>\n\n\n\n<p>Ser\u00e3o reformados os trapiches nas comunidades de Amparo, Europinha, Eufrasina, Ilha do Teixeira, Pia\u00e7aguera, Rocio e Vila Maciel, todas em Paranagu\u00e1. Novas constru\u00e7\u00f5es ser\u00e3o nos trapiches em Ilha dos Valadares em Paranagu\u00e1, na Vila dos Pescadores de Pontal do Paran\u00e1 e na Ponta da Pita e no Portinho, ambas em Antonina.<\/p>\n\n\n\n<p><br><\/p>\n","protected":false},"excerpt":{"rendered":"<p>Pontos de entrada de um dos lugares tur\u00edsticos mais visitados do Paran\u00e1, a Ilha do Mel, ser\u00e3o reformados ap\u00f3s diversos problemas As\u00a0obras de reparo\u00a0no\u00a0trapiche\u00a0da Praia de Bras\u00edlia, na\u00a0Ilha do Mel, no Litoral do\u00a0Paran\u00e1, foram autorizadas pelo governo estadual nesta quinta-feira (16), ap\u00f3s uma s\u00e9rie de problemas na estrutura que se acumulam h\u00e1 tempos. Os reparos [&hellip;]<\/p>\n","protected":false},"author":2,"featured_media":17371,"comment_status":"open","ping_status":"open","sticky":false,"template":"","format":"standard","meta":{"advanced_seo_description":"","jetpack_seo_html_title":"","jetpack_seo_noindex":false,"_jetpack_memberships_contains_paid_content":false,"footnotes":""},"categories":[40],"tags":[],"class_list":{"0":"post-17370","1":"post","2":"type-post","3":"status-publish","4":"format-standard","5":"has-post-thumbnail","7":"category-destaques"},"jetpack_featured_media_url":"https:\/\/www.paranapraia.com.br\/wp-content\/uploads\/2019\/08\/trapiche-ilha-do-mel-Animpo-Colabora\u00e7\u00e3o-1-825x536.jpg","jetpack_sharing_enabled":true,"_links":{"self":[{"href":"https:\/\/www.paranapraia.com.br\/index.php\/wp-json\/wp\/v2\/posts\/17370"}],"collection":[{"href":"https:\/\/www.paranapraia.com.br\/index.php\/wp-json\/wp\/v2\/posts"}],"about":[{"href":"https:\/\/www.paranapraia.com.br\/index.php\/wp-json\/wp\/v2\/types\/post"}],"author":[{"embeddable":true,"href":"https:\/\/www.paranapraia.com.br\/index.php\/wp-json\/wp\/v2\/users\/2"}],"replies":[{"embeddable":true,"href":"https:\/\/www.paranapraia.com.br\/index.php\/wp-json\/wp\/v2\/comments?post=17370"}],"version-history":[{"count":1,"href":"https:\/\/www.paranapraia.com.br\/index.php\/wp-json\/wp\/v2\/posts\/17370\/revisions"}],"predecessor-version":[{"id":17372,"href":"https:\/\/www.paranapraia.com.br\/index.php\/wp-json\/wp\/v2\/posts\/17370\/revisions\/17372"}],"wp:featuredmedia":[{"embeddable":true,"href":"https:\/\/www.paranapraia.com.br\/index.php\/wp-json\/wp\/v2\/media\/17371"}],"wp:attachment":[{"href":"https:\/\/www.paranapraia.com.br\/index.php\/wp-json\/wp\/v2\/media?parent=17370"}],"wp:term":[{"taxonomy":"category","embeddable":true,"href":"https:\/\/www.paranapraia.com.br\/index.php\/wp-json\/wp\/v2\/categories?post=17370"},{"taxonomy":"post_tag","embeddable":true,"href":"https:\/\/www.paranapraia.com.br\/index.php\/wp-json\/wp\/v2\/tags?post=17370"}],"curies":[{"name":"wp","href":"https:\/\/api.w.org\/{rel}","templated":true}]}}