{"id":17271,"date":"2019-08-15T10:31:18","date_gmt":"2019-08-15T13:31:18","guid":{"rendered":"https:\/\/www.paranapraia.com.br\/?p=17271"},"modified":"2019-08-15T10:31:20","modified_gmt":"2019-08-15T13:31:20","slug":"bolsonaro-diz-que-encaminhara-indicacao-quando-eduardo-sentir-que-sera-aprovado","status":"publish","type":"post","link":"https:\/\/www.paranapraia.com.br\/index.php\/2019\/08\/15\/bolsonaro-diz-que-encaminhara-indicacao-quando-eduardo-sentir-que-sera-aprovado\/","title":{"rendered":"Bolsonaro diz que encaminhar\u00e1 indica\u00e7\u00e3o quando Eduardo sentir que ser\u00e1 aprovado"},"content":{"rendered":"\n<p>O presidente Jair Bolsonaro afirmou que vai encaminhar a indica\u00e7\u00e3o do deputado Eduardo Bolsonaro (PSL-SP) para a embaixada brasileira em Washington quando o filho, que est\u00e1 visitando gabinetes de senadores, avaliar que seu nome tem condi\u00e7\u00e3o de ser aprovado na no Senado. Para ser oficializada, a indica\u00e7\u00e3o precisa ter o aval da Casa.<\/p>\n\n\n\n<p>&#8220;Essa pergunta tem que ser feita a ele. Ele est\u00e1 andando no Senado, ele que vai sentir o momento para encaminhar&#8221;, disse o presidente ao deixar o Pal\u00e1cio da Alvorada.<\/p>\n\n\n\n<p>Bolsonaro foi perguntado sobre quando encaminhar\u00e1 ao Senado a mensagem presidencial com o nome do filho para a embaixada e, em seguida, confirmou que vai oficializar a indica\u00e7\u00e3o quando Eduardo avaliar que seu nome ser\u00e1 aprovado.<\/p>\n\n\n\n<p>BemParan\u00e1<\/p>\n","protected":false},"excerpt":{"rendered":"<p>O presidente Jair Bolsonaro afirmou que vai encaminhar a indica\u00e7\u00e3o do deputado Eduardo Bolsonaro (PSL-SP) para a embaixada brasileira em Washington quando o filho, que est\u00e1 visitando gabinetes de senadores, avaliar que seu nome tem condi\u00e7\u00e3o de ser aprovado na no Senado. Para ser oficializada, a indica\u00e7\u00e3o precisa ter o aval da Casa. &#8220;Essa pergunta [&hellip;]<\/p>\n","protected":false},"author":2,"featured_media":17272,"comment_status":"open","ping_status":"open","sticky":false,"template":"","format":"standard","meta":{"advanced_seo_description":"","jetpack_seo_html_title":"","jetpack_seo_noindex":false,"_jetpack_memberships_contains_paid_content":false,"footnotes":""},"categories":[32],"tags":[],"class_list":{"0":"post-17271","1":"post","2":"type-post","3":"status-publish","4":"format-standard","5":"has-post-thumbnail","7":"category-politica"},"jetpack_featured_media_url":"https:\/\/www.paranapraia.com.br\/wp-content\/uploads\/2019\/08\/jpeg.jpg","jetpack_sharing_enabled":true,"_links":{"self":[{"href":"https:\/\/www.paranapraia.com.br\/index.php\/wp-json\/wp\/v2\/posts\/17271"}],"collection":[{"href":"https:\/\/www.paranapraia.com.br\/index.php\/wp-json\/wp\/v2\/posts"}],"about":[{"href":"https:\/\/www.paranapraia.com.br\/index.php\/wp-json\/wp\/v2\/types\/post"}],"author":[{"embeddable":true,"href":"https:\/\/www.paranapraia.com.br\/index.php\/wp-json\/wp\/v2\/users\/2"}],"replies":[{"embeddable":true,"href":"https:\/\/www.paranapraia.com.br\/index.php\/wp-json\/wp\/v2\/comments?post=17271"}],"version-history":[{"count":1,"href":"https:\/\/www.paranapraia.com.br\/index.php\/wp-json\/wp\/v2\/posts\/17271\/revisions"}],"predecessor-version":[{"id":17273,"href":"https:\/\/www.paranapraia.com.br\/index.php\/wp-json\/wp\/v2\/posts\/17271\/revisions\/17273"}],"wp:featuredmedia":[{"embeddable":true,"href":"https:\/\/www.paranapraia.com.br\/index.php\/wp-json\/wp\/v2\/media\/17272"}],"wp:attachment":[{"href":"https:\/\/www.paranapraia.com.br\/index.php\/wp-json\/wp\/v2\/media?parent=17271"}],"wp:term":[{"taxonomy":"category","embeddable":true,"href":"https:\/\/www.paranapraia.com.br\/index.php\/wp-json\/wp\/v2\/categories?post=17271"},{"taxonomy":"post_tag","embeddable":true,"href":"https:\/\/www.paranapraia.com.br\/index.php\/wp-json\/wp\/v2\/tags?post=17271"}],"curies":[{"name":"wp","href":"https:\/\/api.w.org\/{rel}","templated":true}]}}