{"id":17247,"date":"2019-08-15T09:44:21","date_gmt":"2019-08-15T12:44:21","guid":{"rendered":"https:\/\/www.paranapraia.com.br\/?p=17247"},"modified":"2019-08-15T09:44:23","modified_gmt":"2019-08-15T12:44:23","slug":"bolsonaro-manda-suspender-uso-de-radares-nas-rodovias-federais","status":"publish","type":"post","link":"https:\/\/www.paranapraia.com.br\/index.php\/2019\/08\/15\/bolsonaro-manda-suspender-uso-de-radares-nas-rodovias-federais\/","title":{"rendered":"Bolsonaro manda suspender uso de radares nas rodovias federais"},"content":{"rendered":"\n<h4 class=\"wp-block-heading\">Especialmente com rela\u00e7\u00e3o ao uso de equipamentos est\u00e1ticos, m\u00f3veis e port\u00e1teis.<\/h4>\n\n\n\n<p>O presidente Jair Bolsonaro determinou ao Minist\u00e9rio da Infraestrutura que fa\u00e7a a reavalia\u00e7\u00e3o da regulamenta\u00e7\u00e3o dos procedimentos de fiscaliza\u00e7\u00e3o eletr\u00f4nica de velocidade em vias p\u00fablicas, especialmente com rela\u00e7\u00e3o ao uso de equipamentos est\u00e1ticos, m\u00f3veis e port\u00e1teis.<\/p>\n\n\n\n<p>O despacho est\u00e1 publicado no Di\u00e1rio Oficial da Uni\u00e3o desta quinta-feira, 15, e objetiva, segundo o texto, \u201cevitar o desvirtuamento do car\u00e1ter pedag\u00f3gico e a utiliza\u00e7\u00e3o meramente arrecadat\u00f3ria dos instrumentos e equipamentos medidores de velocidade\u201d.<\/p>\n\n\n\n<p>Em seguida, em outro despacho, o presidente determina que o Minist\u00e9rio da Justi\u00e7a e Seguran\u00e7a P\u00fablica fa\u00e7a a revis\u00e3o dos atos normativos internos que disp\u00f5em sobre a atividade de fiscaliza\u00e7\u00e3o eletr\u00f4nica de velocidade em rodovias e estradas federais pela Pol\u00edcia Rodovi\u00e1ria Federal e suspenda o uso de equipamentos medidores de velocidade est\u00e1ticos, m\u00f3veis e port\u00e1veis at\u00e9 que o Minist\u00e9rio da Infraestrutura conclua a reavalia\u00e7\u00e3o da regulamenta\u00e7\u00e3o dos procedimentos de fiscaliza\u00e7\u00e3o eletr\u00f4nica.<\/p>\n\n\n\n<p>Bolsonaro j\u00e1 tinha manifestado sua inten\u00e7\u00e3o de acabar com os radares m\u00f3veis no Pa\u00eds que, segundo ele, funcionam como uma \u201cpegadinha\u201d, \u201cum ca\u00e7a-n\u00edquel\u201d. Na \u00faltima segunda-feira, ele j\u00e1 tinha antecipado que iria suspender os radares m\u00f3veis at\u00e9 que haja o entendimento melhor sobre o que deve ser utilizado.<\/p>\n\n\n\n<p>BandaB<\/p>\n\n\n\n<p><br><br><\/p>\n","protected":false},"excerpt":{"rendered":"<p>Especialmente com rela\u00e7\u00e3o ao uso de equipamentos est\u00e1ticos, m\u00f3veis e port\u00e1teis. O presidente Jair Bolsonaro determinou ao Minist\u00e9rio da Infraestrutura que fa\u00e7a a reavalia\u00e7\u00e3o da regulamenta\u00e7\u00e3o dos procedimentos de fiscaliza\u00e7\u00e3o eletr\u00f4nica de velocidade em vias p\u00fablicas, especialmente com rela\u00e7\u00e3o ao uso de equipamentos est\u00e1ticos, m\u00f3veis e port\u00e1teis. O despacho est\u00e1 publicado no Di\u00e1rio Oficial da [&hellip;]<\/p>\n","protected":false},"author":2,"featured_media":17248,"comment_status":"open","ping_status":"open","sticky":false,"template":"","format":"standard","meta":{"advanced_seo_description":"","jetpack_seo_html_title":"","jetpack_seo_noindex":false,"_jetpack_memberships_contains_paid_content":false,"footnotes":""},"categories":[32],"tags":[],"class_list":{"0":"post-17247","1":"post","2":"type-post","3":"status-publish","4":"format-standard","5":"has-post-thumbnail","7":"category-politica"},"jetpack_featured_media_url":"https:\/\/www.paranapraia.com.br\/wp-content\/uploads\/2019\/08\/125.jpeg","jetpack_sharing_enabled":true,"_links":{"self":[{"href":"https:\/\/www.paranapraia.com.br\/index.php\/wp-json\/wp\/v2\/posts\/17247"}],"collection":[{"href":"https:\/\/www.paranapraia.com.br\/index.php\/wp-json\/wp\/v2\/posts"}],"about":[{"href":"https:\/\/www.paranapraia.com.br\/index.php\/wp-json\/wp\/v2\/types\/post"}],"author":[{"embeddable":true,"href":"https:\/\/www.paranapraia.com.br\/index.php\/wp-json\/wp\/v2\/users\/2"}],"replies":[{"embeddable":true,"href":"https:\/\/www.paranapraia.com.br\/index.php\/wp-json\/wp\/v2\/comments?post=17247"}],"version-history":[{"count":1,"href":"https:\/\/www.paranapraia.com.br\/index.php\/wp-json\/wp\/v2\/posts\/17247\/revisions"}],"predecessor-version":[{"id":17249,"href":"https:\/\/www.paranapraia.com.br\/index.php\/wp-json\/wp\/v2\/posts\/17247\/revisions\/17249"}],"wp:featuredmedia":[{"embeddable":true,"href":"https:\/\/www.paranapraia.com.br\/index.php\/wp-json\/wp\/v2\/media\/17248"}],"wp:attachment":[{"href":"https:\/\/www.paranapraia.com.br\/index.php\/wp-json\/wp\/v2\/media?parent=17247"}],"wp:term":[{"taxonomy":"category","embeddable":true,"href":"https:\/\/www.paranapraia.com.br\/index.php\/wp-json\/wp\/v2\/categories?post=17247"},{"taxonomy":"post_tag","embeddable":true,"href":"https:\/\/www.paranapraia.com.br\/index.php\/wp-json\/wp\/v2\/tags?post=17247"}],"curies":[{"name":"wp","href":"https:\/\/api.w.org\/{rel}","templated":true}]}}