{"id":17243,"date":"2019-08-15T09:47:17","date_gmt":"2019-08-15T12:47:17","guid":{"rendered":"https:\/\/www.paranapraia.com.br\/?p=17243"},"modified":"2019-08-15T09:47:40","modified_gmt":"2019-08-15T12:47:40","slug":"claudia-rodrigues-retorna-aos-palcos-e-se-apresenta-em-curitiba","status":"publish","type":"post","link":"https:\/\/www.paranapraia.com.br\/index.php\/2019\/08\/15\/claudia-rodrigues-retorna-aos-palcos-e-se-apresenta-em-curitiba\/","title":{"rendered":"Claudia Rodrigues retorna aos palcos e se apresenta em Curitiba"},"content":{"rendered":"\n<p>No \u00faltimo&nbsp;s\u00e1bado (10),&nbsp;Claudia Rodrigues&nbsp;anunciou, por meio de sua conta oficial no Instagram, que vai se apresentar em&nbsp;Curitiba&nbsp;na pr\u00f3ximo dia&nbsp;19 de agosto. A atriz estava afastada dos palcos h\u00e1 seis anos, lutando contra Esclerosa M\u00faltipla. Claudia foi diagnosticada em 2000, mas apenas em&nbsp;2013 decidiu dar uma pausa na carreira para focar em sua reabilita\u00e7\u00e3o.<\/p>\n\n\n\n<p>Seu retorno aos palcos ser\u00e1 em Curitiba, no&nbsp;\u201c3\u00ba Brazilian Comedy Club\u201d, ao lado de Nerso da Capitinga e de Diogo Portugal.<\/p>\n","protected":false},"excerpt":{"rendered":"<p>No \u00faltimo&nbsp;s\u00e1bado (10),&nbsp;Claudia Rodrigues&nbsp;anunciou, por meio de sua conta oficial no Instagram, que vai se apresentar em&nbsp;Curitiba&nbsp;na pr\u00f3ximo dia&nbsp;19 de agosto. A atriz estava afastada dos palcos h\u00e1 seis anos, lutando contra Esclerosa M\u00faltipla. Claudia foi diagnosticada em 2000, mas apenas em&nbsp;2013 decidiu dar uma pausa na carreira para focar em sua reabilita\u00e7\u00e3o. Seu retorno [&hellip;]<\/p>\n","protected":false},"author":2,"featured_media":17255,"comment_status":"open","ping_status":"open","sticky":false,"template":"","format":"standard","meta":{"advanced_seo_description":"","jetpack_seo_html_title":"","jetpack_seo_noindex":false,"_jetpack_memberships_contains_paid_content":false,"footnotes":""},"categories":[42],"tags":[],"class_list":{"0":"post-17243","1":"post","2":"type-post","3":"status-publish","4":"format-standard","5":"has-post-thumbnail","7":"category-cidades"},"jetpack_featured_media_url":"https:\/\/www.paranapraia.com.br\/wp-content\/uploads\/2019\/08\/clausia.jpg","jetpack_sharing_enabled":true,"_links":{"self":[{"href":"https:\/\/www.paranapraia.com.br\/index.php\/wp-json\/wp\/v2\/posts\/17243"}],"collection":[{"href":"https:\/\/www.paranapraia.com.br\/index.php\/wp-json\/wp\/v2\/posts"}],"about":[{"href":"https:\/\/www.paranapraia.com.br\/index.php\/wp-json\/wp\/v2\/types\/post"}],"author":[{"embeddable":true,"href":"https:\/\/www.paranapraia.com.br\/index.php\/wp-json\/wp\/v2\/users\/2"}],"replies":[{"embeddable":true,"href":"https:\/\/www.paranapraia.com.br\/index.php\/wp-json\/wp\/v2\/comments?post=17243"}],"version-history":[{"count":2,"href":"https:\/\/www.paranapraia.com.br\/index.php\/wp-json\/wp\/v2\/posts\/17243\/revisions"}],"predecessor-version":[{"id":17260,"href":"https:\/\/www.paranapraia.com.br\/index.php\/wp-json\/wp\/v2\/posts\/17243\/revisions\/17260"}],"wp:featuredmedia":[{"embeddable":true,"href":"https:\/\/www.paranapraia.com.br\/index.php\/wp-json\/wp\/v2\/media\/17255"}],"wp:attachment":[{"href":"https:\/\/www.paranapraia.com.br\/index.php\/wp-json\/wp\/v2\/media?parent=17243"}],"wp:term":[{"taxonomy":"category","embeddable":true,"href":"https:\/\/www.paranapraia.com.br\/index.php\/wp-json\/wp\/v2\/categories?post=17243"},{"taxonomy":"post_tag","embeddable":true,"href":"https:\/\/www.paranapraia.com.br\/index.php\/wp-json\/wp\/v2\/tags?post=17243"}],"curies":[{"name":"wp","href":"https:\/\/api.w.org\/{rel}","templated":true}]}}