{"id":17235,"date":"2019-08-14T17:07:05","date_gmt":"2019-08-14T20:07:05","guid":{"rendered":"https:\/\/www.paranapraia.com.br\/?p=17235"},"modified":"2019-08-14T17:07:06","modified_gmt":"2019-08-14T20:07:06","slug":"justica-decide-que-investigacao-sobre-morte-na-praca-da-espanha-vai-ficar-com-a-pm","status":"publish","type":"post","link":"https:\/\/www.paranapraia.com.br\/index.php\/2019\/08\/14\/justica-decide-que-investigacao-sobre-morte-na-praca-da-espanha-vai-ficar-com-a-pm\/","title":{"rendered":"Justi\u00e7a decide que investiga\u00e7\u00e3o sobre morte na Pra\u00e7a da Espanha vai ficar com a PM"},"content":{"rendered":"\n<p>usti\u00e7a Militar do Paran\u00e1 anulou o inqu\u00e9rito da Pol\u00edcia Civil que apurava as circunst\u00e2ncias da\u00a0morte do jornalista Andrei Francisquini, de 35 anos, por tr\u00eas policiais militares em servi\u00e7o\u00a0na regi\u00e3o do Batel, em Curitiba, no \u00faltimo m\u00eas de maio. A decis\u00e3o, do juiz substituto Sergio Bernardinetti, da Vara da Auditoria da Justi\u00e7a Militar, n\u00e3o entra no m\u00e9rito da quest\u00e3o, ou seja, n\u00e3o impede que os policiais sigam suspeitos. Entretanto, agora a compet\u00eancia das investiga\u00e7\u00f5es passa da Pol\u00edcia Civil para a pr\u00f3pria Pol\u00edcia Militar (PM), conforme o pedido da defesa.<\/p>\n\n\n\n<p>Francisquini foi morto durante uma persegui\u00e7\u00e3o policial que terminou na Pra\u00e7a da Espanha, um dos pontos de vida noturna mais agitados da capital. No carro do motorista foram encontradas 16 marcas de tiros, sendo que tr\u00eas o acertaram. Os policiais alegam ter atirado porque o jornalista teria tentado atingir um deles com o carro e agido como se fosse disparar contra a equipe, vers\u00e3o contestada pela fam\u00edlia.<\/p>\n\n\n\n<p>A decis\u00e3o desta ter\u00e7a-feira (13) do juiz Sergio Bernardinetti que tirou a apura\u00e7\u00e3o dos fatos da compet\u00eancia da Pol\u00edcia Civil atendeu a um pedido feito pela defesa dos soldados, que justificou haver \u201cconstrangimento ilegal\u201d no processo.<\/p>\n\n\n\n<p>No despacho, o juiz acatou a tese de que a condu\u00e7\u00e3o do inqu\u00e9rito pela delegacia comum feria o previsto em constitui\u00e7\u00e3o e destacou que \u201cuma vez praticado fato que, em tese, se amolde ao conceito de crime militar, praticado por policial militar ou bombeiro militar, deve a investiga\u00e7\u00e3o transcorrer exclusivamente atrav\u00e9s de Inqu\u00e9rito Policial Militar\u201d.<\/p>\n\n\n\n<h2 class=\"wp-block-heading\">Relembre o caso<\/h2>\n\n\n\n<p>Francisquini foi morto na madrugada do dia 12 de maio durante uma fuga come\u00e7ou na Rua Vicente Machado, no Centro, e s\u00f3 terminou na Pra\u00e7a da Espanha, no Batel, onde o ve\u00edculo foi cercado e os tiros disparados. A vers\u00e3o da PM de que os tiros foram disparados porque Francisquini teria tentado atingir um deles com o carro e agido como se fosse disparar contra a equipe \u00e9 contestada. A fam\u00edlia, inclusive, nega que o jornalista estivesse portando arma \u2013 como foi afirmado pelos policiais.<\/p>\n\n\n\n<p>Laudo\u00a0do\u00a0Instituto de Identifica\u00e7\u00e3o do Paran\u00e1\u00a0divulgado cerca de um m\u00eas depois apontou que\u00a0n\u00e3o foram encontradas digitais\u00a0de Francischini na arma que os PMs alegam ter encontrado com ele\u00a0ap\u00f3s confronto. Mais tarde, outro laudo concluiu tamb\u00e9m que Francisquini n\u00e3o estava sob efeito de \u00e1lcool ou drogas.<\/p>\n\n\n\n<p>TribunaPr<\/p>\n","protected":false},"excerpt":{"rendered":"<p>usti\u00e7a Militar do Paran\u00e1 anulou o inqu\u00e9rito da Pol\u00edcia Civil que apurava as circunst\u00e2ncias da\u00a0morte do jornalista Andrei Francisquini, de 35 anos, por tr\u00eas policiais militares em servi\u00e7o\u00a0na regi\u00e3o do Batel, em Curitiba, no \u00faltimo m\u00eas de maio. A decis\u00e3o, do juiz substituto Sergio Bernardinetti, da Vara da Auditoria da Justi\u00e7a Militar, n\u00e3o entra no [&hellip;]<\/p>\n","protected":false},"author":2,"featured_media":17236,"comment_status":"open","ping_status":"open","sticky":false,"template":"","format":"standard","meta":{"advanced_seo_description":"","jetpack_seo_html_title":"","jetpack_seo_noindex":false,"_jetpack_memberships_contains_paid_content":false,"footnotes":""},"categories":[42],"tags":[],"class_list":{"0":"post-17235","1":"post","2":"type-post","3":"status-publish","4":"format-standard","5":"has-post-thumbnail","7":"category-cidades"},"jetpack_featured_media_url":"https:\/\/www.paranapraia.com.br\/wp-content\/uploads\/2019\/08\/pra\u00e7a.jpg","jetpack_sharing_enabled":true,"_links":{"self":[{"href":"https:\/\/www.paranapraia.com.br\/index.php\/wp-json\/wp\/v2\/posts\/17235"}],"collection":[{"href":"https:\/\/www.paranapraia.com.br\/index.php\/wp-json\/wp\/v2\/posts"}],"about":[{"href":"https:\/\/www.paranapraia.com.br\/index.php\/wp-json\/wp\/v2\/types\/post"}],"author":[{"embeddable":true,"href":"https:\/\/www.paranapraia.com.br\/index.php\/wp-json\/wp\/v2\/users\/2"}],"replies":[{"embeddable":true,"href":"https:\/\/www.paranapraia.com.br\/index.php\/wp-json\/wp\/v2\/comments?post=17235"}],"version-history":[{"count":1,"href":"https:\/\/www.paranapraia.com.br\/index.php\/wp-json\/wp\/v2\/posts\/17235\/revisions"}],"predecessor-version":[{"id":17237,"href":"https:\/\/www.paranapraia.com.br\/index.php\/wp-json\/wp\/v2\/posts\/17235\/revisions\/17237"}],"wp:featuredmedia":[{"embeddable":true,"href":"https:\/\/www.paranapraia.com.br\/index.php\/wp-json\/wp\/v2\/media\/17236"}],"wp:attachment":[{"href":"https:\/\/www.paranapraia.com.br\/index.php\/wp-json\/wp\/v2\/media?parent=17235"}],"wp:term":[{"taxonomy":"category","embeddable":true,"href":"https:\/\/www.paranapraia.com.br\/index.php\/wp-json\/wp\/v2\/categories?post=17235"},{"taxonomy":"post_tag","embeddable":true,"href":"https:\/\/www.paranapraia.com.br\/index.php\/wp-json\/wp\/v2\/tags?post=17235"}],"curies":[{"name":"wp","href":"https:\/\/api.w.org\/{rel}","templated":true}]}}