{"id":17231,"date":"2019-08-14T17:02:26","date_gmt":"2019-08-14T20:02:26","guid":{"rendered":"https:\/\/www.paranapraia.com.br\/?p=17231"},"modified":"2019-08-14T17:02:27","modified_gmt":"2019-08-14T20:02:27","slug":"reitor-diz-que-corte-de-verbas-na-ufpr-pode-comprometer-o-pagamento-das-contas-de-agua-e-luz-a-partir-de-setembro","status":"publish","type":"post","link":"https:\/\/www.paranapraia.com.br\/index.php\/2019\/08\/14\/reitor-diz-que-corte-de-verbas-na-ufpr-pode-comprometer-o-pagamento-das-contas-de-agua-e-luz-a-partir-de-setembro\/","title":{"rendered":"Reitor diz que corte de verbas na UFPR pode comprometer o pagamento das contas de \u00e1gua e luz a partir de setembro"},"content":{"rendered":"\n<h4 class=\"wp-block-heading\">Corte de 30% nas universidades foi anunciado pelo governo federal em maio deste ano; UFPR disse que tem feito economias, mas que o dinheiro s\u00f3 \u00e9 suficiente at\u00e9 o fim de agosto.<\/h4>\n\n\n\n<p>O reitor da Universidade Federal do Paran\u00e1 (UFPR), Ricardo Marcelo Fonseca, afirmou que o corte de verba da universidade pode comprometer o pagamento das contas de \u00e1gua, luz e tamb\u00e9m de servi\u00e7os contratados.<\/p>\n\n\n\n<p>Segundo a universidade, desde que o corte de 30% foi anunciado pelo governo federal, em maio deste ano, a UFPR adotou medidas para tentar reajustar o or\u00e7amento.<\/p>\n\n\n\n<p>Viagens de professores para congressos e aulas de campo, levando alunos para outros locais, por exemplo, foram reduzidas.<\/p>\n\n\n\n<p>O problema \u00e9 que mesmo com essas medidas de economia, a previs\u00e3o \u00e9 de que o dinheiro acabe no fim deste m\u00eas.<\/p>\n\n\n\n<p>&#8220;Qualquer ajuste que a gente fa\u00e7a nesse sentido, nunca vai ser suficiente para que a universidade chegue at\u00e9 o fim do ano. Esses ajustes podem viabilizar que a universidade chegue at\u00e9 o final do m\u00eas de agosto, caso n\u00e3o retornem os recursos bloqueados no or\u00e7amento&#8221;, declarou Fonseca.<\/p>\n\n\n\n<p>Segundo a universidade, o corte de 30% no or\u00e7amento das institui\u00e7\u00f5es federais de ensino anunciado pelo Minist\u00e9rio da Educa\u00e7\u00e3o representa um\u00a0bloqueio de R$ 48 milh\u00f5es nas verbas da UFPR.<\/p>\n\n\n\n<p>Atualmente, a UFPR possui 33 mil alunos matriculados em cursos de gradua\u00e7\u00e3o, p\u00f3s-gradua\u00e7\u00e3o, programas de mestrado e doutorado, al\u00e9m de cursos de especializa\u00e7\u00e3o e projetos de extens\u00e3o.<\/p>\n\n\n\n<p>O Minist\u00e9rio da Educa\u00e7\u00e3o informou que liberou na semana passada mais de R$ 7 milh\u00f5es para a UFPR, que representa 5% da verba prevista na Lei Or\u00e7ament\u00e1ria.<\/p>\n\n\n\n<p>Contudo, a universidade disse que esse recurso j\u00e1 estavam previstos e que fazem parte verba bloqueada.<\/p>\n\n\n\n<p>O MEC afirmou ainda que mant\u00e9m di\u00e1logo constante com os dirigentes das universidades e que os recursos podem ser liberados dependendo de uma evolu\u00e7\u00e3o positiva do cen\u00e1rio fiscal do pa\u00eds.<\/p>\n","protected":false},"excerpt":{"rendered":"<p>Corte de 30% nas universidades foi anunciado pelo governo federal em maio deste ano; UFPR disse que tem feito economias, mas que o dinheiro s\u00f3 \u00e9 suficiente at\u00e9 o fim de agosto. O reitor da Universidade Federal do Paran\u00e1 (UFPR), Ricardo Marcelo Fonseca, afirmou que o corte de verba da universidade pode comprometer o pagamento [&hellip;]<\/p>\n","protected":false},"author":2,"featured_media":17233,"comment_status":"open","ping_status":"open","sticky":false,"template":"","format":"standard","meta":{"advanced_seo_description":"","jetpack_seo_html_title":"","jetpack_seo_noindex":false,"_jetpack_memberships_contains_paid_content":false,"footnotes":""},"categories":[32],"tags":[],"class_list":{"0":"post-17231","1":"post","2":"type-post","3":"status-publish","4":"format-standard","5":"has-post-thumbnail","7":"category-politica"},"jetpack_featured_media_url":"https:\/\/www.paranapraia.com.br\/wp-content\/uploads\/2019\/08\/ufprrr.jpg","jetpack_sharing_enabled":true,"_links":{"self":[{"href":"https:\/\/www.paranapraia.com.br\/index.php\/wp-json\/wp\/v2\/posts\/17231"}],"collection":[{"href":"https:\/\/www.paranapraia.com.br\/index.php\/wp-json\/wp\/v2\/posts"}],"about":[{"href":"https:\/\/www.paranapraia.com.br\/index.php\/wp-json\/wp\/v2\/types\/post"}],"author":[{"embeddable":true,"href":"https:\/\/www.paranapraia.com.br\/index.php\/wp-json\/wp\/v2\/users\/2"}],"replies":[{"embeddable":true,"href":"https:\/\/www.paranapraia.com.br\/index.php\/wp-json\/wp\/v2\/comments?post=17231"}],"version-history":[{"count":1,"href":"https:\/\/www.paranapraia.com.br\/index.php\/wp-json\/wp\/v2\/posts\/17231\/revisions"}],"predecessor-version":[{"id":17234,"href":"https:\/\/www.paranapraia.com.br\/index.php\/wp-json\/wp\/v2\/posts\/17231\/revisions\/17234"}],"wp:featuredmedia":[{"embeddable":true,"href":"https:\/\/www.paranapraia.com.br\/index.php\/wp-json\/wp\/v2\/media\/17233"}],"wp:attachment":[{"href":"https:\/\/www.paranapraia.com.br\/index.php\/wp-json\/wp\/v2\/media?parent=17231"}],"wp:term":[{"taxonomy":"category","embeddable":true,"href":"https:\/\/www.paranapraia.com.br\/index.php\/wp-json\/wp\/v2\/categories?post=17231"},{"taxonomy":"post_tag","embeddable":true,"href":"https:\/\/www.paranapraia.com.br\/index.php\/wp-json\/wp\/v2\/tags?post=17231"}],"curies":[{"name":"wp","href":"https:\/\/api.w.org\/{rel}","templated":true}]}}