{"id":17225,"date":"2019-08-14T16:58:18","date_gmt":"2019-08-14T19:58:18","guid":{"rendered":"https:\/\/www.paranapraia.com.br\/?p=17225"},"modified":"2019-08-14T16:58:18","modified_gmt":"2019-08-14T19:58:18","slug":"policia-investiga-supostos-abusos-de-professor-contra-criancas-em-escola-municipal-de-curitiba","status":"publish","type":"post","link":"https:\/\/www.paranapraia.com.br\/index.php\/2019\/08\/14\/policia-investiga-supostos-abusos-de-professor-contra-criancas-em-escola-municipal-de-curitiba\/","title":{"rendered":"Pol\u00edcia investiga supostos abusos de professor contra crian\u00e7as em escola municipal de Curitiba"},"content":{"rendered":"\n<h4 class=\"wp-block-heading\">Den\u00fancia chegou ao N\u00facleo de Prote\u00e7\u00e3o \u00e0 Crian\u00e7a e ao Adolescente (Nucria) nesta ter\u00e7a-feira<\/h4>\n\n\n\n<p>A Pol\u00edcia Civil investiga um professor da rede municipal de ensino por supostos abusos contra alunas de uma escola da Cidade Industrial de Curitiba (CIC). A den\u00fancia chegou ao N\u00facleo de Prote\u00e7\u00e3o \u00e0 Crian\u00e7a e ao Adolescente (Nucria) nesta ter\u00e7a-feira (13) e o docente j\u00e1 foi afastado.<\/p>\n\n\n\n<p>De acordo com uma fonte ligada \u00e0 Banda B, as v\u00edtimas teriam entre nove e onze anos. O professor em quest\u00e3o seria substituto e estaria cobrindo a licen\u00e7a paternidade do titular da turma.<\/p>\n\n\n\n<p>Segundo informa\u00e7\u00f5es obtidas pela reportagem, as v\u00edtimas teriam percebido uma a\u00e7\u00e3o \u201cmaliciosa\u201d praticada pelo professor. Com a den\u00fancia, o Nucria passou a investigar o caso.<\/p>\n\n\n\n<p>Em nota, a Prefeitura de Curitiba informou que a Secretaria Municipal da Educa\u00e7\u00e3o acompanha e investiga o caso e, em respeito ao Estatuto da Crian\u00e7a e do Adolescente (ECA) e \u00e0s regras dos processos investigat\u00f3rios internos, n\u00e3o pode dar detalhes sobre o assunto. \u201cA rede de prote\u00e7\u00e3o foi acionada e a fam\u00edlia j\u00e1 foi ouvida e orientada no N\u00facleo Regional da Educa\u00e7\u00e3o\u201d.<\/p>\n\n\n\n<p>J\u00e1 a Pol\u00edcia Civil informou que o caso ser\u00e1 investigado pelo Nucria. \u201cOutros detalhes n\u00e3o ser\u00e3o repassados\u201d, informou a corpora\u00e7\u00e3o.<\/p>\n\n\n\n<p>BandaB<\/p>\n\n\n\n<p><br><\/p>\n","protected":false},"excerpt":{"rendered":"<p>Den\u00fancia chegou ao N\u00facleo de Prote\u00e7\u00e3o \u00e0 Crian\u00e7a e ao Adolescente (Nucria) nesta ter\u00e7a-feira A Pol\u00edcia Civil investiga um professor da rede municipal de ensino por supostos abusos contra alunas de uma escola da Cidade Industrial de Curitiba (CIC). A den\u00fancia chegou ao N\u00facleo de Prote\u00e7\u00e3o \u00e0 Crian\u00e7a e ao Adolescente (Nucria) nesta ter\u00e7a-feira (13) [&hellip;]<\/p>\n","protected":false},"author":2,"featured_media":17226,"comment_status":"open","ping_status":"open","sticky":false,"template":"","format":"standard","meta":{"advanced_seo_description":"","jetpack_seo_html_title":"","jetpack_seo_noindex":false,"_jetpack_memberships_contains_paid_content":false,"footnotes":""},"categories":[42],"tags":[],"class_list":{"0":"post-17225","1":"post","2":"type-post","3":"status-publish","4":"format-standard","5":"has-post-thumbnail","7":"category-cidades"},"jetpack_featured_media_url":"https:\/\/www.paranapraia.com.br\/wp-content\/uploads\/2019\/08\/giz.jpg","jetpack_sharing_enabled":true,"_links":{"self":[{"href":"https:\/\/www.paranapraia.com.br\/index.php\/wp-json\/wp\/v2\/posts\/17225"}],"collection":[{"href":"https:\/\/www.paranapraia.com.br\/index.php\/wp-json\/wp\/v2\/posts"}],"about":[{"href":"https:\/\/www.paranapraia.com.br\/index.php\/wp-json\/wp\/v2\/types\/post"}],"author":[{"embeddable":true,"href":"https:\/\/www.paranapraia.com.br\/index.php\/wp-json\/wp\/v2\/users\/2"}],"replies":[{"embeddable":true,"href":"https:\/\/www.paranapraia.com.br\/index.php\/wp-json\/wp\/v2\/comments?post=17225"}],"version-history":[{"count":1,"href":"https:\/\/www.paranapraia.com.br\/index.php\/wp-json\/wp\/v2\/posts\/17225\/revisions"}],"predecessor-version":[{"id":17227,"href":"https:\/\/www.paranapraia.com.br\/index.php\/wp-json\/wp\/v2\/posts\/17225\/revisions\/17227"}],"wp:featuredmedia":[{"embeddable":true,"href":"https:\/\/www.paranapraia.com.br\/index.php\/wp-json\/wp\/v2\/media\/17226"}],"wp:attachment":[{"href":"https:\/\/www.paranapraia.com.br\/index.php\/wp-json\/wp\/v2\/media?parent=17225"}],"wp:term":[{"taxonomy":"category","embeddable":true,"href":"https:\/\/www.paranapraia.com.br\/index.php\/wp-json\/wp\/v2\/categories?post=17225"},{"taxonomy":"post_tag","embeddable":true,"href":"https:\/\/www.paranapraia.com.br\/index.php\/wp-json\/wp\/v2\/tags?post=17225"}],"curies":[{"name":"wp","href":"https:\/\/api.w.org\/{rel}","templated":true}]}}