{"id":17218,"date":"2019-08-14T16:28:39","date_gmt":"2019-08-14T19:28:39","guid":{"rendered":"https:\/\/www.paranapraia.com.br\/?p=17218"},"modified":"2019-08-14T16:28:40","modified_gmt":"2019-08-14T19:28:40","slug":"alem-de-administrar-imoveis-de-alto-padrao-a-corsario-imoveis-faz-regularizacao-e-averbacao","status":"publish","type":"post","link":"https:\/\/www.paranapraia.com.br\/index.php\/2019\/08\/14\/alem-de-administrar-imoveis-de-alto-padrao-a-corsario-imoveis-faz-regularizacao-e-averbacao\/","title":{"rendered":"Al\u00e9m de administrar im\u00f3veis de alto padr\u00e3o, a Cors\u00e1rio Im\u00f3veis faz regulariza\u00e7\u00e3o e averba\u00e7\u00e3o"},"content":{"rendered":"\n<p>A Imobil\u00edaria Cors\u00e1rio Im\u00f3veis al\u00e9m de trabalhar com im\u00f3veis de alto padr\u00e3o, para compra, venda e loca\u00e7\u00f5es, tamb\u00e9m faz a regulariza\u00e7\u00e3o e averba\u00e7\u00e3o do seu im\u00f3vel.<\/p>\n\n\n\n<p>Apesar de o nome soar como algo complicado, a averba\u00e7\u00e3o do im\u00f3vel, nada mais \u00e9 que a formaliza\u00e7\u00e3o de todas as altera\u00e7\u00f5es realizadas. Basicamente, uma esp\u00e9cie de descri\u00e7\u00e3o (hist\u00f3rico) das mudan\u00e7as ocorridas e devidamente formalizadas na matr\u00edcula.  <\/p>\n\n\n\n<p>De acordo com a propriet\u00e1ria da Cors\u00e1rio Im\u00f3veis, T\u00e2nia Lugli, vale lembrar que a matr\u00edcula do im\u00f3vel \u00e9 a sua certid\u00e3o de nascimento e na Cors\u00e1rio Im\u00f3veis a equipe cuida de todo esse processo.<\/p>\n\n\n\n<p>&#8220;A matr\u00edcula do im\u00f3vel \u00e9 onde constam todas as informa\u00e7\u00f5es essenciais para a identifica\u00e7\u00e3o jur\u00eddica do bem, por isso, \u00e9 nela que a averba\u00e7\u00e3o deve ser feita, por exemplo, se voc\u00ea construir mais c\u00f4modos, demolir outros ou fizer qualquer altera\u00e7\u00e3o na casa, lote, sala ou apartamento, \u00e9 necess\u00e1rio inserir estas mudan\u00e7as na documenta\u00e7\u00e3o&#8221;, afirmou T\u00e2nia.<\/p>\n\n\n\n<p>Os documentos necess\u00e1rios para solicitar o uso do FGTS no financiamento imobili\u00e1rio s\u00e3o: RG, CPF, certid\u00e3o de nascimento, certid\u00e3o negativa de d\u00e9bitos relativa a tributos federais e d\u00edvida ativa da Uni\u00e3o, declara\u00e7\u00e3o negativa de propriedade do im\u00f3vel, declara\u00e7\u00e3o de isen\u00e7\u00e3o de Imposto de Renda (IR) (ou declara\u00e7\u00e3o ou recibo de entrega), recibo de condom\u00ednio ou aluguel (ou contas de \u00e1gua, luz, telefone ou g\u00e1s), algum comprovante de rendimento mensal (extrato de conta banc\u00e1ria, fatura de cart\u00e3o de cr\u00e9dito ou contracheque) e cart\u00e3o do PIS\/PASEP ou outro documento com o n\u00famero de identifica\u00e7\u00e3o.<\/p>\n\n\n\n<p>T\u00e2nia destaca ainda que o Fundo de Garantia do Tempo de Servi\u00e7o (FGTS) pode ser utilizado para adquirir sua casa pr\u00f3pria, e explicou que qualquer altera\u00e7\u00e3o civil dos propriet\u00e1rios &#8211; casamento, div\u00f3rcio,  \u00f3bito &#8211; cancelamento de hipoteca, baixa do financiamento, entre outros, tamb\u00e9m exigem uma averba\u00e7\u00e3o.<\/p>\n\n\n\n<p>&#8220;O dinheiro do FGTS pode ser utilizado pelo trabalhador para adquirir uma casa pr\u00f3pria, pagar presta\u00e7\u00f5es ou liquidar saldo devedor de um financiamento banc\u00e1rio de im\u00f3vel residencial, pode utilizar o benef\u00edcio no financiamento de im\u00f3veis quem trabalhou pelo menos tr\u00eas anos (somados, n\u00e3o necessariamente consecutivos) sob regime do FGTS e n\u00e3o esteja comprando ou financiando outra resid\u00eancia (conclu\u00edda ou em constru\u00e7\u00e3o) pelo Sistema Financeiro de Habita\u00e7\u00e3o (SFH), utilizar o FGTS \u00e9 uma excelente op\u00e7\u00e3o para quem quer realizar o sonho de ter uma casa na praia&#8221;, finalizou T\u00e2nia.<\/p>\n\n\n\n<p>Assessoria<\/p>\n","protected":false},"excerpt":{"rendered":"<p>A Imobil\u00edaria Cors\u00e1rio Im\u00f3veis al\u00e9m de trabalhar com im\u00f3veis de alto padr\u00e3o, para compra, venda e loca\u00e7\u00f5es, tamb\u00e9m faz a regulariza\u00e7\u00e3o e averba\u00e7\u00e3o do seu im\u00f3vel. Apesar de o nome soar como algo complicado, a averba\u00e7\u00e3o do im\u00f3vel, nada mais \u00e9 que a formaliza\u00e7\u00e3o de todas as altera\u00e7\u00f5es realizadas. Basicamente, uma esp\u00e9cie de descri\u00e7\u00e3o (hist\u00f3rico) [&hellip;]<\/p>\n","protected":false},"author":2,"featured_media":17219,"comment_status":"open","ping_status":"open","sticky":false,"template":"","format":"standard","meta":{"advanced_seo_description":"","jetpack_seo_html_title":"","jetpack_seo_noindex":false,"_jetpack_memberships_contains_paid_content":false,"footnotes":""},"categories":[40],"tags":[],"class_list":{"0":"post-17218","1":"post","2":"type-post","3":"status-publish","4":"format-standard","5":"has-post-thumbnail","7":"category-destaques"},"jetpack_featured_media_url":"https:\/\/www.paranapraia.com.br\/wp-content\/uploads\/2019\/08\/IMG_0467.jpg","jetpack_sharing_enabled":true,"_links":{"self":[{"href":"https:\/\/www.paranapraia.com.br\/index.php\/wp-json\/wp\/v2\/posts\/17218"}],"collection":[{"href":"https:\/\/www.paranapraia.com.br\/index.php\/wp-json\/wp\/v2\/posts"}],"about":[{"href":"https:\/\/www.paranapraia.com.br\/index.php\/wp-json\/wp\/v2\/types\/post"}],"author":[{"embeddable":true,"href":"https:\/\/www.paranapraia.com.br\/index.php\/wp-json\/wp\/v2\/users\/2"}],"replies":[{"embeddable":true,"href":"https:\/\/www.paranapraia.com.br\/index.php\/wp-json\/wp\/v2\/comments?post=17218"}],"version-history":[{"count":1,"href":"https:\/\/www.paranapraia.com.br\/index.php\/wp-json\/wp\/v2\/posts\/17218\/revisions"}],"predecessor-version":[{"id":17220,"href":"https:\/\/www.paranapraia.com.br\/index.php\/wp-json\/wp\/v2\/posts\/17218\/revisions\/17220"}],"wp:featuredmedia":[{"embeddable":true,"href":"https:\/\/www.paranapraia.com.br\/index.php\/wp-json\/wp\/v2\/media\/17219"}],"wp:attachment":[{"href":"https:\/\/www.paranapraia.com.br\/index.php\/wp-json\/wp\/v2\/media?parent=17218"}],"wp:term":[{"taxonomy":"category","embeddable":true,"href":"https:\/\/www.paranapraia.com.br\/index.php\/wp-json\/wp\/v2\/categories?post=17218"},{"taxonomy":"post_tag","embeddable":true,"href":"https:\/\/www.paranapraia.com.br\/index.php\/wp-json\/wp\/v2\/tags?post=17218"}],"curies":[{"name":"wp","href":"https:\/\/api.w.org\/{rel}","templated":true}]}}