{"id":17212,"date":"2019-08-14T16:23:57","date_gmt":"2019-08-14T19:23:57","guid":{"rendered":"https:\/\/www.paranapraia.com.br\/?p=17212"},"modified":"2019-08-14T16:24:00","modified_gmt":"2019-08-14T19:24:00","slug":"prefeitura-recebe-alunos-do-projeto-pontal-ontem-hoje-e-amanha","status":"publish","type":"post","link":"https:\/\/www.paranapraia.com.br\/index.php\/2019\/08\/14\/prefeitura-recebe-alunos-do-projeto-pontal-ontem-hoje-e-amanha\/","title":{"rendered":"Prefeitura recebe alunos do projeto &#8220;Pontal, ontem, hoje e amanh\u00e3&#8221;"},"content":{"rendered":"\n<p>A prefeitura de Pontal do Paran\u00e1, por meio da secretaria de Educa\u00e7\u00e3o est\u00e1 realizando nas escolas da rede municipal de ensino o Projeto \u201cPontal ontem, hoje e amanh\u00e3\u201d.<br><br>Na manh\u00e3 desta quarta-feira (14) os alunos do quinto ano da Escola Municipal Artur Tavares visitaram as depend\u00eancias da Prefeitura e o gabinete do prefeito.<\/p>\n\n\n\n<p>O prefeito de Pontal do Paran\u00e1, Marcos Fioravante (Casquinha) recebeu em seu gabinete os alunos que fizeram perguntas e tiraram suas d\u00favidas sobre administra\u00e7\u00e3o de uma cidade.<\/p>\n\n\n\n<figure class=\"wp-block-image\"><img loading=\"lazy\" decoding=\"async\" width=\"1024\" height=\"683\" src=\"https:\/\/www.paranapraia.com.br\/wp-content\/uploads\/2019\/08\/IMG_1729-1024x683.jpg\" alt=\"\" class=\"wp-image-17214\" srcset=\"https:\/\/www.paranapraia.com.br\/wp-content\/uploads\/2019\/08\/IMG_1729-1024x683.jpg 1024w, https:\/\/www.paranapraia.com.br\/wp-content\/uploads\/2019\/08\/IMG_1729-300x200.jpg 300w, https:\/\/www.paranapraia.com.br\/wp-content\/uploads\/2019\/08\/IMG_1729-768x512.jpg 768w, https:\/\/www.paranapraia.com.br\/wp-content\/uploads\/2019\/08\/IMG_1729-696x464.jpg 696w, https:\/\/www.paranapraia.com.br\/wp-content\/uploads\/2019\/08\/IMG_1729-1068x712.jpg 1068w, https:\/\/www.paranapraia.com.br\/wp-content\/uploads\/2019\/08\/IMG_1729-630x420.jpg 630w\" sizes=\"(max-width: 1024px) 100vw, 1024px\" \/><\/figure>\n\n\n\n<p>\u201cAs crian\u00e7as s\u00e3o o futuro e quando elas s\u00e3o incentivadas a participar da sociedade isso as torna indiv\u00edduos melhores, esse projeto n\u00e3o ensina apenas hist\u00f3ria e cultura, mas sim cidadania e como ser um cidad\u00e3o melhor para a cidade onde mora\u201d, finalizou o prefeito.<\/p>\n\n\n\n<p>O projeto \u00e9 uma adapta\u00e7\u00e3o do trabalho de mestrado da professora Carla da Costa para ser aplicado em todas as turmas de 5\u00b0 ano e o EJA da escola especial, que atinge aproximadamente quinhentos alunos em todo o munic\u00edpio. O projeto teve in\u00edcio no primeiro semestre e agora segue dando continuidade\u00a0nas atividades, que tem t\u00e9rmino previsto para novembro deste ano.\u00a0<\/p>\n\n\n\n<p>O projeto que est\u00e1 sob a administra\u00e7\u00e3o da professora Cleonice do Nascimento tem como principal objetivo aprofundar o reconhecimento hist\u00f3rico, cultural e identit\u00e1rio de Pontal do Paran\u00e1.<\/p>\n\n\n\n<figure class=\"wp-block-image\"><img loading=\"lazy\" decoding=\"async\" width=\"1024\" height=\"683\" src=\"https:\/\/www.paranapraia.com.br\/wp-content\/uploads\/2019\/08\/IMG_1727-1024x683.jpg\" alt=\"\" class=\"wp-image-17215\" srcset=\"https:\/\/www.paranapraia.com.br\/wp-content\/uploads\/2019\/08\/IMG_1727-1024x683.jpg 1024w, https:\/\/www.paranapraia.com.br\/wp-content\/uploads\/2019\/08\/IMG_1727-300x200.jpg 300w, https:\/\/www.paranapraia.com.br\/wp-content\/uploads\/2019\/08\/IMG_1727-768x512.jpg 768w, https:\/\/www.paranapraia.com.br\/wp-content\/uploads\/2019\/08\/IMG_1727-696x464.jpg 696w, https:\/\/www.paranapraia.com.br\/wp-content\/uploads\/2019\/08\/IMG_1727-1068x712.jpg 1068w, https:\/\/www.paranapraia.com.br\/wp-content\/uploads\/2019\/08\/IMG_1727-630x420.jpg 630w\" sizes=\"(max-width: 1024px) 100vw, 1024px\" \/><\/figure>\n\n\n\n<p>A professora respons\u00e1vel pelas atividades de campo, Carla Gouveia da Costa, falou sobre o projeto e suas caracter\u00edsticas.<\/p>\n\n\n\n<p>\u201cEstamos aqui hoje sendo recebidos pelo prefeito, uma pessoa que tem muitas responsabilidades e isso envolve decis\u00f5es para a comunidade, as crian\u00e7as querem saber e participar. O nosso projeto abrange a quest\u00e3o cultural do munic\u00edpio desde os sambaquis, a quest\u00e3o ind\u00edgena, cai\u00e7ara e agora passando pelos tr\u00eas poderes\u201d, disse a professora.<\/p>\n\n\n\n<p>Assessoria<\/p>\n","protected":false},"excerpt":{"rendered":"<p>A prefeitura de Pontal do Paran\u00e1, por meio da secretaria de Educa\u00e7\u00e3o est\u00e1 realizando nas escolas da rede municipal de ensino o Projeto \u201cPontal ontem, hoje e amanh\u00e3\u201d. Na manh\u00e3 desta quarta-feira (14) os alunos do quinto ano da Escola Municipal Artur Tavares visitaram as depend\u00eancias da Prefeitura e o gabinete do prefeito. O prefeito [&hellip;]<\/p>\n","protected":false},"author":2,"featured_media":17213,"comment_status":"open","ping_status":"open","sticky":false,"template":"","format":"standard","meta":{"advanced_seo_description":"","jetpack_seo_html_title":"","jetpack_seo_noindex":false,"_jetpack_memberships_contains_paid_content":false,"footnotes":""},"categories":[40],"tags":[],"class_list":{"0":"post-17212","1":"post","2":"type-post","3":"status-publish","4":"format-standard","5":"has-post-thumbnail","7":"category-destaques"},"jetpack_featured_media_url":"https:\/\/www.paranapraia.com.br\/wp-content\/uploads\/2019\/08\/IMG_1732.jpg","jetpack_sharing_enabled":true,"_links":{"self":[{"href":"https:\/\/www.paranapraia.com.br\/index.php\/wp-json\/wp\/v2\/posts\/17212"}],"collection":[{"href":"https:\/\/www.paranapraia.com.br\/index.php\/wp-json\/wp\/v2\/posts"}],"about":[{"href":"https:\/\/www.paranapraia.com.br\/index.php\/wp-json\/wp\/v2\/types\/post"}],"author":[{"embeddable":true,"href":"https:\/\/www.paranapraia.com.br\/index.php\/wp-json\/wp\/v2\/users\/2"}],"replies":[{"embeddable":true,"href":"https:\/\/www.paranapraia.com.br\/index.php\/wp-json\/wp\/v2\/comments?post=17212"}],"version-history":[{"count":1,"href":"https:\/\/www.paranapraia.com.br\/index.php\/wp-json\/wp\/v2\/posts\/17212\/revisions"}],"predecessor-version":[{"id":17216,"href":"https:\/\/www.paranapraia.com.br\/index.php\/wp-json\/wp\/v2\/posts\/17212\/revisions\/17216"}],"wp:featuredmedia":[{"embeddable":true,"href":"https:\/\/www.paranapraia.com.br\/index.php\/wp-json\/wp\/v2\/media\/17213"}],"wp:attachment":[{"href":"https:\/\/www.paranapraia.com.br\/index.php\/wp-json\/wp\/v2\/media?parent=17212"}],"wp:term":[{"taxonomy":"category","embeddable":true,"href":"https:\/\/www.paranapraia.com.br\/index.php\/wp-json\/wp\/v2\/categories?post=17212"},{"taxonomy":"post_tag","embeddable":true,"href":"https:\/\/www.paranapraia.com.br\/index.php\/wp-json\/wp\/v2\/tags?post=17212"}],"curies":[{"name":"wp","href":"https:\/\/api.w.org\/{rel}","templated":true}]}}