{"id":17190,"date":"2019-08-14T13:18:26","date_gmt":"2019-08-14T16:18:26","guid":{"rendered":"https:\/\/www.paranapraia.com.br\/?p=17190"},"modified":"2019-08-14T13:18:27","modified_gmt":"2019-08-14T16:18:27","slug":"com-dores-musculares-cristiano-ronaldo-fara-treinos-em-separado-na-juventus","status":"publish","type":"post","link":"https:\/\/www.paranapraia.com.br\/index.php\/2019\/08\/14\/com-dores-musculares-cristiano-ronaldo-fara-treinos-em-separado-na-juventus\/","title":{"rendered":"Com dores musculares, Cristiano Ronaldo far\u00e1 treinos em separado na Juventus"},"content":{"rendered":"\n<p>A Juventus informou nesta quinta-feira que Cristiano Ronaldo vai realizar alguns treinos em separado do elenco do time italiano nos pr\u00f3ximos dias por causa de dores musculares. Por meio de suas redes sociais, o clube de Turim revelou que o astro portugu\u00eas ficar\u00e1 fora dos trabalhos com o restante do grupo de jogadores devido a uma &#8220;leve fadiga no adutor&#8221; de sua perna esquerda.<\/p>\n\n\n\n<p>Com isso, a Juventus confirmou que o atacante &#8220;realizar\u00e1 atividades diferenciadas&#8221; at\u00e9 se recuperar e poder ser reintegrado normalmente aos treinamentos. Este problema muscular tamb\u00e9m acabou impedindo a participa\u00e7\u00e3o do atleta no tradicional amistoso de pr\u00e9-temporada que o clube promove em Villar Perosa, uma prov\u00edncia de Turim, onde a equipe enfrentou o time B juventino nesta quinta.<\/p>\n\n\n\n<p>Ap\u00f3s ter deixado o Real Madrid em julho do ano passado, Cristiano Ronaldo est\u00e1 prestes a iniciar a sua segunda temporada pela Juventus, pela qual contabiliza 28 gols em 43 jogos oficiais. No ciclo 2018\/2019 do futebol europeu, ele ajudou o clube a faturar o seu oitavo t\u00edtulo consecutivo do Campeonato Italiano. E a equipe vai estrear na pr\u00f3xima edi\u00e7\u00e3o da competi\u00e7\u00e3o no dia 24 de agosto, quando enfrenta o Parma, fora de casa, no duelo que abrir\u00e1 o torneio.<\/p>\n\n\n\n<p>Com a presen\u00e7a do portugu\u00eas, a Juventus voltar\u00e1 a ter como o seu principal objetivo a conquista da Liga dos Campe\u00f5es, t\u00edtulo que o clube n\u00e3o ganha desde 1996. Na edi\u00e7\u00e3o passada do torneio continental, o time italiano acabou sendo eliminado pelo Ajax nas quartas de final. Naquela ocasi\u00e3o, a equipe foi surpreendida com uma derrota por 2 a 1, sofrida em casa no duelo de volta do mata-mata, ap\u00f3s o jogo de ida, na Holanda, ter terminado empatado por 1 a 1.<\/p>\n\n\n\n<p>BemParana<\/p>\n","protected":false},"excerpt":{"rendered":"<p>A Juventus informou nesta quinta-feira que Cristiano Ronaldo vai realizar alguns treinos em separado do elenco do time italiano nos pr\u00f3ximos dias por causa de dores musculares. Por meio de suas redes sociais, o clube de Turim revelou que o astro portugu\u00eas ficar\u00e1 fora dos trabalhos com o restante do grupo de jogadores devido a [&hellip;]<\/p>\n","protected":false},"author":2,"featured_media":17191,"comment_status":"open","ping_status":"open","sticky":false,"template":"","format":"standard","meta":{"advanced_seo_description":"","jetpack_seo_html_title":"","jetpack_seo_noindex":false,"_jetpack_memberships_contains_paid_content":false,"footnotes":""},"categories":[37],"tags":[],"class_list":{"0":"post-17190","1":"post","2":"type-post","3":"status-publish","4":"format-standard","5":"has-post-thumbnail","7":"category-esporte"},"jetpack_featured_media_url":"https:\/\/www.paranapraia.com.br\/wp-content\/uploads\/2019\/08\/juvvv.jpg","jetpack_sharing_enabled":true,"_links":{"self":[{"href":"https:\/\/www.paranapraia.com.br\/index.php\/wp-json\/wp\/v2\/posts\/17190"}],"collection":[{"href":"https:\/\/www.paranapraia.com.br\/index.php\/wp-json\/wp\/v2\/posts"}],"about":[{"href":"https:\/\/www.paranapraia.com.br\/index.php\/wp-json\/wp\/v2\/types\/post"}],"author":[{"embeddable":true,"href":"https:\/\/www.paranapraia.com.br\/index.php\/wp-json\/wp\/v2\/users\/2"}],"replies":[{"embeddable":true,"href":"https:\/\/www.paranapraia.com.br\/index.php\/wp-json\/wp\/v2\/comments?post=17190"}],"version-history":[{"count":1,"href":"https:\/\/www.paranapraia.com.br\/index.php\/wp-json\/wp\/v2\/posts\/17190\/revisions"}],"predecessor-version":[{"id":17192,"href":"https:\/\/www.paranapraia.com.br\/index.php\/wp-json\/wp\/v2\/posts\/17190\/revisions\/17192"}],"wp:featuredmedia":[{"embeddable":true,"href":"https:\/\/www.paranapraia.com.br\/index.php\/wp-json\/wp\/v2\/media\/17191"}],"wp:attachment":[{"href":"https:\/\/www.paranapraia.com.br\/index.php\/wp-json\/wp\/v2\/media?parent=17190"}],"wp:term":[{"taxonomy":"category","embeddable":true,"href":"https:\/\/www.paranapraia.com.br\/index.php\/wp-json\/wp\/v2\/categories?post=17190"},{"taxonomy":"post_tag","embeddable":true,"href":"https:\/\/www.paranapraia.com.br\/index.php\/wp-json\/wp\/v2\/tags?post=17190"}],"curies":[{"name":"wp","href":"https:\/\/api.w.org\/{rel}","templated":true}]}}