{"id":17184,"date":"2019-08-14T12:57:44","date_gmt":"2019-08-14T15:57:44","guid":{"rendered":"https:\/\/www.paranapraia.com.br\/?p=17184"},"modified":"2019-08-14T12:57:46","modified_gmt":"2019-08-14T15:57:46","slug":"casos-de-sarampo-triplicam-em-2019-15-perguntas-e-respostas-sobre-a-doenca","status":"publish","type":"post","link":"https:\/\/www.paranapraia.com.br\/index.php\/2019\/08\/14\/casos-de-sarampo-triplicam-em-2019-15-perguntas-e-respostas-sobre-a-doenca\/","title":{"rendered":"Casos de sarampo triplicam em 2019: 15 perguntas e respostas sobre a doen\u00e7a"},"content":{"rendered":"\n<p>Aumentou os casos registrados de sarampo em S\u00e3o Paulo. Esse avan\u00e7o da doen\u00e7a no Estado, no pa\u00eds e no mundo tem levado a uma s\u00e9rie de d\u00favidas sobre o sarampo em si e a vacina, principal forma de preven\u00e7\u00e3o.<\/p>\n\n\n\n<p>Em S\u00e3o Paulo, balan\u00e7o divulgado pela Secretaria de Estado de Sa\u00fade mostra que houve aumento de 36,4% nos casos registrados. O n\u00famero cresceu para 1.319 na \u00faltima semana. A maioria dos casos suspeitos e confirmados, 90,9%, s\u00e3o residentes da grande S\u00e3o Paulo.<\/p>\n\n\n\n<p>O \u00faltimo boletim do Minist\u00e9rio da Sa\u00fade, de agosto, informa que foram confirmados 1.388 casos de sarampo nos Estados do Rio, S\u00e3o Paulo, Bahia e Paran\u00e1. Al\u00e9m disso, outros 66 casos foram confirmados em outros Estados.<\/p>\n\n\n\n<p>O surto \u00e9 mundial. Segundo a OMS (Organiza\u00e7\u00e3o Mundial de Sa\u00fade), o n\u00famero de casos de sarampo no mundo triplicou nos primeiros sete meses de 2019, considerando o mesmo per\u00edodo do ano em 2018.<\/p>\n\n\n\n<p>Para saber mais sobre a doen\u00e7a, a BBC News Brasil conversou com Regiane de Paula, diretora do Cento de Vigil\u00e2ncia Epidemiol\u00f3gico da Secretaria de Estado da Sa\u00fade de S\u00e3o Paulo, e Eliane Matos dos Santos, m\u00e9dica da Assessoria Cl\u00ednica de Bio-Manguinhos, unidade produtora de imunobiol\u00f3gicos da Funda\u00e7\u00e3o Oswaldo Cruz (Fiocruz).<\/p>\n\n\n\n<h2 class=\"wp-block-heading\">1 &#8211; Por que o sarampo voltou?<\/h2>\n\n\n\n<p>A epidemia de sarampo \u00e9 um fen\u00f4meno global. Dados da Organiza\u00e7\u00e3o Mundial da Sa\u00fade (OMS) e da Organiza\u00e7\u00e3o Pan-Americana da Sa\u00fade (OPAS) mostram que, em 2017, a doen\u00e7a foi respons\u00e1vel por 110 mil mortes.<\/p>\n\n\n\n<p>Este ano, ainda segundo as entidades, casos notificados no mundo triplicaram nos sete primeiros meses em compara\u00e7\u00e3o com o mesmo per\u00edodo de 2018.<\/p>\n\n\n\n<p>S\u00f3 nas Am\u00e9ricas, entre 1 de janeiro e 18 de junho de 2019, foram 1.722 confirma\u00e7\u00f5es em 13 pa\u00edses: Argentina (5 casos), Bahamas (1 caso), Brasil (122 casos), Canad\u00e1 (65 casos), Chile (4 casos), Col\u00f4mbia (125 casos), Costa Rica (10 casos), Cuba (1 caso), Estados Unidos da Am\u00e9rica (1.044 casos), M\u00e9xico (2 casos), Peru (2 casos), Uruguai (9 casos) e Rep\u00fablica Bolivariana da Venezuela (332 casos).<\/p>\n\n\n\n<p>O Brasil, diz o Minist\u00e9rio da Sa\u00fade, vinha de um hist\u00f3rico de n\u00e3o registrar casos aut\u00f3ctones (adquiridos dentro do pa\u00eds) desde o ano 2000 &#8211; entre 2013 e 2015, ocorreram dois surtos, um no Cear\u00e1 e outro em Pernambuco, a partir de casos importados.<\/p>\n\n\n\n<figure class=\"wp-block-image\"><img decoding=\"async\" src=\"https:\/\/ichef.bbci.co.uk\/news\/624\/cpsprodpb\/B93D\/production\/_108012474_47619119512_88197b98d9_z.jpg\" alt=\"Pessoa recebendo vacina contra\"\/><figcaption>Image captionNeste ano, casos notificados de sarampo no mundo triplicaram nos primeiros sete meses em compara\u00e7\u00e3o com o mesmo per\u00edodo de 2018<\/figcaption><\/figure>\n\n\n\n<p>Em 2018, no entanto, a doen\u00e7a reapareceu na regi\u00e3o Norte, nos Estados do Amazonas, Roraima e Par\u00e1, trazida pelos venezuelanos que fugiam da crise. J\u00e1 os v\u00edrus que atingiram S\u00e3o Paulo, este ano, vieram com pessoas que foram infectadas na Noruega, em Malta e em Israel.<\/p>\n\n\n\n<p>O problema \u00e9 que a cobertura vacinal da patologia no pa\u00eds est\u00e1 abaixo do patamar ideal, que \u00e9 acima de 95%. Pelas informa\u00e7\u00f5es do Minist\u00e9rio da Sa\u00fade, em 2018, este \u00edndice, relacionado \u00e0 vacina tr\u00edplice viral em crian\u00e7as de um ano de idade, foi de 90,80%. Em 2015, chegou a 96,7%.<\/p>\n\n\n\n<p>E as raz\u00f5es para isso s\u00e3o v\u00e1rias, segundo os especialistas ouvidos pela reportagem: medo de ter rea\u00e7\u00e3o \u00e0 imuniza\u00e7\u00e3o; desconhecimento de que existe um calend\u00e1rio de vacina\u00e7\u00e3o espec\u00edfico para adultos e idosos; falsa sensa\u00e7\u00e3o de seguran\u00e7a, j\u00e1 que muitas doen\u00e7as est\u00e3o controladas; not\u00edcias falsas e grupos antivacina.<\/p>\n\n\n\n<h2 class=\"wp-block-heading\">2 &#8211; O que \u00e9 o sarampo?<\/h2>\n\n\n\n<p>O sarampo \u00e9 uma doen\u00e7a infecciosa aguda, de natureza viral, altamente contagiosa e que pode ser contra\u00edda por pessoas de qualquer idade. Sua transmiss\u00e3o se d\u00e1 de forma direta, de pessoa a pessoa, por meio das secre\u00e7\u00f5es expelidas pelo doente ao tossir, espirrar, respirar e falar.<\/p>\n\n\n\n<h2 class=\"wp-block-heading\">3 &#8211; Quais s\u00e3o os sintomas?<\/h2>\n\n\n\n<p>Os primeiros sintomas s\u00e3o febre alta, acima de 38,5\u00b0, com dura\u00e7\u00e3o de quatro a sete dias, e manchas avermelhadas na pele (exantema maculopapular) &#8211; come\u00e7am no rosto e atr\u00e1s das orelhas, e depois, se espalham pelo corpo.<\/p>\n\n\n\n<p>Geralmente, aparecem entre 10 e 12 dias ap\u00f3s o contato com o v\u00edrus e podem vir acompanhados de tosse persistente, irrita\u00e7\u00e3o ocular, coriza e congest\u00e3o nasal.<\/p>\n\n\n\n<p>Pequenas manchas brancas dentro das bochechas tamb\u00e9m s\u00e3o comuns de se desenvolver no est\u00e1gio inicial da doen\u00e7a.<\/p>\n\n\n\n<h2 class=\"wp-block-heading\">4 &#8211; Quais as poss\u00edveis complica\u00e7\u00f5es?<\/h2>\n\n\n\n<p>As mais comuns s\u00e3o infec\u00e7\u00f5es respirat\u00f3rias (broncopneumonia e pneumonia, por exemplo), otites, diarreia grave e doen\u00e7as neurol\u00f3gicas, como encefalite (inflama\u00e7\u00e3o do c\u00e9rebro).<\/p>\n\n\n\n<p>Elas s\u00e3o mais frequentes em crian\u00e7as de at\u00e9 dois anos de idade, sobretudo nas desnutridas, adultos jovens e indiv\u00edduos com imunodepress\u00e3o ou em condi\u00e7\u00f5es de vulnerabilidade, e podem deixar sequelas, tais como diminui\u00e7\u00e3o da capacidade mental, cegueira, surdez e retardo do crescimento. O agravamento da doen\u00e7a ainda pode levar \u00e0 morte.<\/p>\n\n\n\n<h2 class=\"wp-block-heading\">5 &#8211; Como \u00e9 o tratamento?<\/h2>\n\n\n\n<p>N\u00e3o existe tratamento espec\u00edfico para o sarampo. Para os casos sem complica\u00e7\u00e3o, \u00e9 importante manter uma boa hidrata\u00e7\u00e3o, suporte nutricional e diminuir a hipertermia. Quando o quadro se agrava e surgem, por exemplo, diarreia, pneumonia e otite m\u00e9dia, essas situa\u00e7\u00f5es devem ser tratadas, normalmente, com o uso de antibioticoterapia.<\/p>\n\n\n\n<p>No caso de crian\u00e7as acometidas pela enfermidade, a Organiza\u00e7\u00e3o Mundial da Sa\u00fade recomenda a administra\u00e7\u00e3o de vitamina A, a fim de reduzir a ocorr\u00eancia de casos graves e fatais.<\/p>\n\n\n\n<h2 class=\"wp-block-heading\">6 &#8211; Como prevenir a doen\u00e7a?<\/h2>\n\n\n\n<p>A vacina \u00e9 a medida de preven\u00e7\u00e3o mais eficaz contra o sarampo.<\/p>\n\n\n\n<h2 class=\"wp-block-heading\">7 &#8211; Quem deve se vacinar contra o sarampo?<\/h2>\n\n\n\n<p>Todo mundo que nunca tomou a vacina e todos aqueles que n\u00e3o t\u00eam certeza se j\u00e1 tomaram. Pelo Calend\u00e1rio Nacional de Vacina\u00e7\u00e3o, a tr\u00edplice viral, que ainda protege contra caxumba e rub\u00e9ola, deve ser administrada aos 12 meses de vida, e a tetra viral &#8211; acrescenta varicela (catapora) \u00e0 lista de doen\u00e7as combatidas &#8211; aos 15 meses. Pessoas de 10 a 29 anos que n\u00e3o tomaram a vacina quando crian\u00e7as precisam receber duas doses da tr\u00edplice viral. Na faixa et\u00e1ria de 30 a 49 anos, a dose \u00e9 \u00fanica.<\/p>\n\n\n\n<h2 class=\"wp-block-heading\">8 &#8211; Por que os jovens de 15 a 29 anos s\u00e3o o foco das campanhas atuais?<\/h2>\n\n\n\n<p>Pessoas de todas as faixas et\u00e1rias precisam ter as duas doses da vacina, por\u00e9m, os jovens desta faixa et\u00e1ria nasceram em uma \u00e9poca em que a segunda dose n\u00e3o fazia parte do Calend\u00e1rio Nacional de Vacina\u00e7\u00e3o, assim, muitos n\u00e3o a tomaram e, por isso, n\u00e3o est\u00e3o totalmente protegidos.<\/p>\n\n\n\n<h2 class=\"wp-block-heading\">9 &#8211; Quando h\u00e1 surto, \u00e9 preciso se vacinar novamente?<\/h2>\n\n\n\n<p>N\u00e3o. Quem tiver se vacinado contra o sarampo conforme preconizado para sua faixa et\u00e1ria, n\u00e3o precisa receber a vacina novamente.<\/p>\n\n\n\n<figure class=\"wp-block-image\"><img decoding=\"async\" src=\"https:\/\/ichef.bbci.co.uk\/news\/624\/cpsprodpb\/17C8D\/production\/_108012479_22092010-22092010wd4196.jpg\" alt=\"Professora recebendo vacina contra sarampo\"\/><figcaption>Image captionProfissionais de 15 a 29 anos s\u00e3o o foco da campanha contra sarampo deste ano<\/figcaption><\/figure>\n\n\n\n<h2 class=\"wp-block-heading\">10 &#8211; Para quem a vacina contra o sarampo n\u00e3o \u00e9 indicada?<\/h2>\n\n\n\n<p>Pessoas com alergia grave ao ovo, pacientes em tratamento com quimioterapia, gestantes, portadores de imunodefici\u00eancias cong\u00eanitas ou adquiridas, quem faz uso de corticoide em doses altas, transplantados de medula \u00f3ssea e beb\u00eas com menos de seis meses de idade.<\/p>\n\n\n\n<h2 class=\"wp-block-heading\">11 &#8211; Quem j\u00e1 teve a doen\u00e7a precisa se vacinar?<\/h2>\n\n\n\n<p>N\u00e3o. Quem j\u00e1 foi infectado com o v\u00edrus desenvolveu anticorpos contra ele. Dessa forma, n\u00e3o precisa se vacinar e nem pegar\u00e1 a doen\u00e7a de novo.<\/p>\n\n\n\n<h2 class=\"wp-block-heading\">12 &#8211; Do que a vacina \u00e9 feita?<\/h2>\n\n\n\n<p>A vacina \u00e9 feita de v\u00edrus vivo atenuado (enfraquecido) e atua de forma a estimular o sistema imunol\u00f3gico a desenvolver anticorpos para combater os &#8220;invasores&#8221;. Ela \u00e9 administrada por inje\u00e7\u00e3o subcut\u00e2nea.<\/p>\n\n\n\n<h2 class=\"wp-block-heading\">13 &#8211; Quanto tempo ela demora para fazer efeito?<\/h2>\n\n\n\n<p>Em torno de duas semanas. Quem vai viajar para locais com incid\u00eancia da doen\u00e7a e n\u00e3o foi vacinado antes, deve procurar um posto de sa\u00fade, pelo menos, 15 dias antes da viagem.<\/p>\n\n\n\n<h2 class=\"wp-block-heading\">14 &#8211; A vacina tem efeitos colaterais?<\/h2>\n\n\n\n<p>Algumas pessoas podem ter rea\u00e7\u00f5es, mas, no geral, elas s\u00e3o leves, benignas, de curta dura\u00e7\u00e3o e autolimitadas. As mais comuns s\u00e3o dor e vermelhid\u00e3o no local da aplica\u00e7\u00e3o e febre.<\/p>\n\n\n\n<h2 class=\"wp-block-heading\">15 &#8211; Onde tomar a vacina?<\/h2>\n\n\n\n<p>A vacina contra o sarampo est\u00e1 dispon\u00edvel gratuitamente o ano todo nas unidades b\u00e1sicas de sa\u00fade.<\/p>\n\n\n\n<p>Em S\u00e3o Paulo, por causa do surto atual, a aplica\u00e7\u00e3o tamb\u00e9m tem sido realizada em postos volantes instalados em esta\u00e7\u00f5es do Metr\u00f4, da Companhia Paulista de Trens Metropolitanos (CPTM), da Empresa Metropolitana de Transportes Urbanos de S\u00e3o Paulo (EMTU), da ViaQuatro e da ViaMobilidade.<\/p>\n\n\n\n<p>H\u00e1 ainda a op\u00e7\u00e3o de tomar a vacina em cl\u00ednicas particulares, s\u00f3 que, nestes locais, ela \u00e9 paga.<\/p>\n\n\n\n<p>BBC<\/p>\n","protected":false},"excerpt":{"rendered":"<p>Aumentou os casos registrados de sarampo em S\u00e3o Paulo. Esse avan\u00e7o da doen\u00e7a no Estado, no pa\u00eds e no mundo tem levado a uma s\u00e9rie de d\u00favidas sobre o sarampo em si e a vacina, principal forma de preven\u00e7\u00e3o. Em S\u00e3o Paulo, balan\u00e7o divulgado pela Secretaria de Estado de Sa\u00fade mostra que houve aumento de [&hellip;]<\/p>\n","protected":false},"author":2,"featured_media":17185,"comment_status":"open","ping_status":"open","sticky":false,"template":"","format":"standard","meta":{"advanced_seo_description":"","jetpack_seo_html_title":"","jetpack_seo_noindex":false,"_jetpack_memberships_contains_paid_content":false,"footnotes":""},"categories":[50],"tags":[],"class_list":{"0":"post-17184","1":"post","2":"type-post","3":"status-publish","4":"format-standard","5":"has-post-thumbnail","7":"category-saude"},"jetpack_featured_media_url":"https:\/\/www.paranapraia.com.br\/wp-content\/uploads\/2019\/08\/vacina.jpg","jetpack_sharing_enabled":true,"_links":{"self":[{"href":"https:\/\/www.paranapraia.com.br\/index.php\/wp-json\/wp\/v2\/posts\/17184"}],"collection":[{"href":"https:\/\/www.paranapraia.com.br\/index.php\/wp-json\/wp\/v2\/posts"}],"about":[{"href":"https:\/\/www.paranapraia.com.br\/index.php\/wp-json\/wp\/v2\/types\/post"}],"author":[{"embeddable":true,"href":"https:\/\/www.paranapraia.com.br\/index.php\/wp-json\/wp\/v2\/users\/2"}],"replies":[{"embeddable":true,"href":"https:\/\/www.paranapraia.com.br\/index.php\/wp-json\/wp\/v2\/comments?post=17184"}],"version-history":[{"count":1,"href":"https:\/\/www.paranapraia.com.br\/index.php\/wp-json\/wp\/v2\/posts\/17184\/revisions"}],"predecessor-version":[{"id":17186,"href":"https:\/\/www.paranapraia.com.br\/index.php\/wp-json\/wp\/v2\/posts\/17184\/revisions\/17186"}],"wp:featuredmedia":[{"embeddable":true,"href":"https:\/\/www.paranapraia.com.br\/index.php\/wp-json\/wp\/v2\/media\/17185"}],"wp:attachment":[{"href":"https:\/\/www.paranapraia.com.br\/index.php\/wp-json\/wp\/v2\/media?parent=17184"}],"wp:term":[{"taxonomy":"category","embeddable":true,"href":"https:\/\/www.paranapraia.com.br\/index.php\/wp-json\/wp\/v2\/categories?post=17184"},{"taxonomy":"post_tag","embeddable":true,"href":"https:\/\/www.paranapraia.com.br\/index.php\/wp-json\/wp\/v2\/tags?post=17184"}],"curies":[{"name":"wp","href":"https:\/\/api.w.org\/{rel}","templated":true}]}}