{"id":17181,"date":"2019-08-14T12:50:36","date_gmt":"2019-08-14T15:50:36","guid":{"rendered":"https:\/\/www.paranapraia.com.br\/?p=17181"},"modified":"2019-08-14T12:50:37","modified_gmt":"2019-08-14T15:50:37","slug":"lula-agradece-maia-e-outros-parlamentares-por-atuacao-contra-transferencia","status":"publish","type":"post","link":"https:\/\/www.paranapraia.com.br\/index.php\/2019\/08\/14\/lula-agradece-maia-e-outros-parlamentares-por-atuacao-contra-transferencia\/","title":{"rendered":"Lula agradece Maia e outros parlamentares por atua\u00e7\u00e3o contra transfer\u00eancia"},"content":{"rendered":"\n<h4 class=\"wp-block-heading\">Na semana passada, parlamentares de diversas bancadas se mobilizaram para evitar a transfer\u00eancia do ex-presidente a um pres\u00eddio comum, em Trememb\u00e9<\/h4>\n\n\n\n<p>\u00e3o Paulo \u2014 O ex-presidente\u00a0Luiz In\u00e1cio Lula da Silva\u00a0agradeceu o presidente da C\u00e2mara dos Deputados,\u00a0Rodrigo Maia, e os mais de 70 parlamentares que foram ao Supremo Tribunal Federal (STF) na semana passada manifestar\u00a0posi\u00e7\u00e3o contr\u00e1ria a sua transfer\u00eancia para o pres\u00eddio de Trememb\u00e9.<\/p>\n\n\n\n<p>Por carta, o petista afirmou que assistiu a \u201cuma oportuna e inequ\u00edvoca demonstra\u00e7\u00e3o de defesa das garantias individuais e do Estado democr\u00e1tico de Direito\u201d. A mensagem foi entregue a Maia pela bancada do PT na C\u00e2mara.<\/p>\n\n\n\n<p>No \u00faltimo dia 07, parlamentares de partidos de centro, centro-direita e de oposi\u00e7\u00e3o se mobilizaram para que o STF derrubasse a autoriza\u00e7\u00e3o da ju\u00edza federal Carolina Lebbos que autorizou a transfer\u00eancia de Lula de Curitiba para um pres\u00eddio comum em S\u00e3o Paulo.\u00a0Apesar da tentativa, o STF vetou, por 10 votos a 1, a mudan\u00e7a.<\/p>\n\n\n\n<figure class=\"wp-block-image\"><a href=\"https:\/\/abrilexame.files.wordpress.com\/2019\/08\/carta.jpeg?quality=70&amp;strip=info&amp;strip=info\"><img decoding=\"async\" src=\"https:\/\/abrilexame.files.wordpress.com\/2019\/08\/carta.jpeg?quality=70&amp;strip=info&amp;w=1024&amp;h=1183\" alt=\"\" class=\"wp-image-3564465\"\/><\/a><\/figure>\n\n\n\n<p>Ap\u00f3s o an\u00fancio de que Lula seria transferido para o pres\u00eddio dos \u201cfamosos\u201d, onde est\u00e3o detidos figuras conhecidas do p\u00fablico, como&nbsp;<strong>Alexandre Nardoni,<\/strong>&nbsp;<strong>Cristian Cravinhos<\/strong>,&nbsp;<strong>Mizael Bispo,&nbsp;<\/strong>o presidente da C\u00e2mara disse que a determina\u00e7\u00e3o era uma \u201cdecis\u00e3o extempor\u00e2nea\u201d.<\/p>\n\n\n\n<p>Ele, ainda, se colocou \u00e0 disposi\u00e7\u00e3o da bancada do PT na Casa para que \u201co direito do ex-presidente seja garantido\u201d.\u00a0\u201cDe fato, n\u00e3o \u00e9 uma decis\u00e3o simples, \u00e9 uma decis\u00e3o extempor\u00e2nea. Aquilo que a presid\u00eancia da C\u00e2mara puder acompanhar com a bancada do PT, estamos \u00e0 disposi\u00e7\u00e3o para que o direito do ex-presidente seja garantido\u201d, disse na ocasi\u00e3o.<\/p>\n\n\n\n<p>EXAME<\/p>\n","protected":false},"excerpt":{"rendered":"<p>Na semana passada, parlamentares de diversas bancadas se mobilizaram para evitar a transfer\u00eancia do ex-presidente a um pres\u00eddio comum, em Trememb\u00e9 \u00e3o Paulo \u2014 O ex-presidente\u00a0Luiz In\u00e1cio Lula da Silva\u00a0agradeceu o presidente da C\u00e2mara dos Deputados,\u00a0Rodrigo Maia, e os mais de 70 parlamentares que foram ao Supremo Tribunal Federal (STF) na semana passada manifestar\u00a0posi\u00e7\u00e3o contr\u00e1ria [&hellip;]<\/p>\n","protected":false},"author":2,"featured_media":17182,"comment_status":"open","ping_status":"open","sticky":false,"template":"","format":"standard","meta":{"advanced_seo_description":"","jetpack_seo_html_title":"","jetpack_seo_noindex":false,"_jetpack_memberships_contains_paid_content":false,"footnotes":""},"categories":[32],"tags":[],"class_list":{"0":"post-17181","1":"post","2":"type-post","3":"status-publish","4":"format-standard","5":"has-post-thumbnail","7":"category-politica"},"jetpack_featured_media_url":"https:\/\/www.paranapraia.com.br\/wp-content\/uploads\/2019\/08\/lulico.gif","jetpack_sharing_enabled":true,"_links":{"self":[{"href":"https:\/\/www.paranapraia.com.br\/index.php\/wp-json\/wp\/v2\/posts\/17181"}],"collection":[{"href":"https:\/\/www.paranapraia.com.br\/index.php\/wp-json\/wp\/v2\/posts"}],"about":[{"href":"https:\/\/www.paranapraia.com.br\/index.php\/wp-json\/wp\/v2\/types\/post"}],"author":[{"embeddable":true,"href":"https:\/\/www.paranapraia.com.br\/index.php\/wp-json\/wp\/v2\/users\/2"}],"replies":[{"embeddable":true,"href":"https:\/\/www.paranapraia.com.br\/index.php\/wp-json\/wp\/v2\/comments?post=17181"}],"version-history":[{"count":1,"href":"https:\/\/www.paranapraia.com.br\/index.php\/wp-json\/wp\/v2\/posts\/17181\/revisions"}],"predecessor-version":[{"id":17183,"href":"https:\/\/www.paranapraia.com.br\/index.php\/wp-json\/wp\/v2\/posts\/17181\/revisions\/17183"}],"wp:featuredmedia":[{"embeddable":true,"href":"https:\/\/www.paranapraia.com.br\/index.php\/wp-json\/wp\/v2\/media\/17182"}],"wp:attachment":[{"href":"https:\/\/www.paranapraia.com.br\/index.php\/wp-json\/wp\/v2\/media?parent=17181"}],"wp:term":[{"taxonomy":"category","embeddable":true,"href":"https:\/\/www.paranapraia.com.br\/index.php\/wp-json\/wp\/v2\/categories?post=17181"},{"taxonomy":"post_tag","embeddable":true,"href":"https:\/\/www.paranapraia.com.br\/index.php\/wp-json\/wp\/v2\/tags?post=17181"}],"curies":[{"name":"wp","href":"https:\/\/api.w.org\/{rel}","templated":true}]}}