{"id":17116,"date":"2019-08-14T10:31:45","date_gmt":"2019-08-14T13:31:45","guid":{"rendered":"https:\/\/www.paranapraia.com.br\/?p=17116"},"modified":"2019-08-14T10:31:47","modified_gmt":"2019-08-14T13:31:47","slug":"com-sonho-de-se-tornar-jogador-menino-tenta-ir-ate-sp-de-bicicleta-mas-acaba-flagrado-pela-prf","status":"publish","type":"post","link":"https:\/\/www.paranapraia.com.br\/index.php\/2019\/08\/14\/com-sonho-de-se-tornar-jogador-menino-tenta-ir-ate-sp-de-bicicleta-mas-acaba-flagrado-pela-prf\/","title":{"rendered":"Com sonho de se tornar jogador, menino tenta ir at\u00e9 SP de bicicleta, mas acaba flagrado pela PRF"},"content":{"rendered":"\n<h4 class=\"wp-block-heading\">Os policiais foram acionados pela concession\u00e1ria Art\u00e9ria R\u00e9gis Bittencourt que administra a via que estranharam o fato do menor estar sozinho a beira da rodovia<\/h4>\n\n\n\n<p>Agentes da Pol\u00edcia Rodovi\u00e1ria Federal (PRF) localizaram uma crian\u00e7a de 12 anos em situa\u00e7\u00e3o de risco na noite da \u00faltima ter\u00e7a-feira (13), em Campina Grande do Sul, na regi\u00e3o metropolitana de Curitiba. Os policiais foram acionados pela concession\u00e1ria Art\u00e9ria R\u00e9gis Bittencourt que administra a via que estranharam o fato do menor estar sozinho a beira da rodovia.<\/p>\n\n\n\n<p>Os agentes foram at\u00e9 o km 70 da BR 116 aonde a crian\u00e7a estava com sua bicicleta. J\u00e1 havia anoitecido e o risco de acidente no local \u00e9 alto. O menino disse aos policiais que era filho de m\u00e3e solteira, que mora com sua m\u00e3e e com o padrasto em S\u00e3o Jos\u00e9 dos Pinhais (PR) , que sonhava em ser jogador de futebol e que pretendia chegar em S\u00e3o Paulo na casa dos av\u00f3s.<\/p>\n\n\n\n<p>Os policiais entraram em contato com o Conselho tutelar de S\u00e3o Jos\u00e9 dos Pinhais, que entrou em contato com a m\u00e3e da crian\u00e7a, que foi ao local busc\u00e1-la.<\/p>\n\n\n\n<p>BandaB<br><br><\/p>\n","protected":false},"excerpt":{"rendered":"<p>Os policiais foram acionados pela concession\u00e1ria Art\u00e9ria R\u00e9gis Bittencourt que administra a via que estranharam o fato do menor estar sozinho a beira da rodovia Agentes da Pol\u00edcia Rodovi\u00e1ria Federal (PRF) localizaram uma crian\u00e7a de 12 anos em situa\u00e7\u00e3o de risco na noite da \u00faltima ter\u00e7a-feira (13), em Campina Grande do Sul, na regi\u00e3o metropolitana [&hellip;]<\/p>\n","protected":false},"author":2,"featured_media":17117,"comment_status":"open","ping_status":"open","sticky":false,"template":"","format":"standard","meta":{"advanced_seo_description":"","jetpack_seo_html_title":"","jetpack_seo_noindex":false,"_jetpack_memberships_contains_paid_content":false,"footnotes":""},"categories":[33],"tags":[],"class_list":{"0":"post-17116","1":"post","2":"type-post","3":"status-publish","4":"format-standard","5":"has-post-thumbnail","7":"category-policia"},"jetpack_featured_media_url":"https:\/\/www.paranapraia.com.br\/wp-content\/uploads\/2019\/08\/prfcuzonA.jpg","jetpack_sharing_enabled":true,"_links":{"self":[{"href":"https:\/\/www.paranapraia.com.br\/index.php\/wp-json\/wp\/v2\/posts\/17116"}],"collection":[{"href":"https:\/\/www.paranapraia.com.br\/index.php\/wp-json\/wp\/v2\/posts"}],"about":[{"href":"https:\/\/www.paranapraia.com.br\/index.php\/wp-json\/wp\/v2\/types\/post"}],"author":[{"embeddable":true,"href":"https:\/\/www.paranapraia.com.br\/index.php\/wp-json\/wp\/v2\/users\/2"}],"replies":[{"embeddable":true,"href":"https:\/\/www.paranapraia.com.br\/index.php\/wp-json\/wp\/v2\/comments?post=17116"}],"version-history":[{"count":1,"href":"https:\/\/www.paranapraia.com.br\/index.php\/wp-json\/wp\/v2\/posts\/17116\/revisions"}],"predecessor-version":[{"id":17118,"href":"https:\/\/www.paranapraia.com.br\/index.php\/wp-json\/wp\/v2\/posts\/17116\/revisions\/17118"}],"wp:featuredmedia":[{"embeddable":true,"href":"https:\/\/www.paranapraia.com.br\/index.php\/wp-json\/wp\/v2\/media\/17117"}],"wp:attachment":[{"href":"https:\/\/www.paranapraia.com.br\/index.php\/wp-json\/wp\/v2\/media?parent=17116"}],"wp:term":[{"taxonomy":"category","embeddable":true,"href":"https:\/\/www.paranapraia.com.br\/index.php\/wp-json\/wp\/v2\/categories?post=17116"},{"taxonomy":"post_tag","embeddable":true,"href":"https:\/\/www.paranapraia.com.br\/index.php\/wp-json\/wp\/v2\/tags?post=17116"}],"curies":[{"name":"wp","href":"https:\/\/api.w.org\/{rel}","templated":true}]}}