{"id":17093,"date":"2019-08-13T15:38:49","date_gmt":"2019-08-13T18:38:49","guid":{"rendered":"https:\/\/www.paranapraia.com.br\/?p=17093"},"modified":"2019-08-13T15:38:50","modified_gmt":"2019-08-13T18:38:50","slug":"um-absurdo-diz-prefeita-de-quedas-do-iguacu-sobre-a-cassacao-pela-compra-de-65-toneladas-de-bolo","status":"publish","type":"post","link":"https:\/\/www.paranapraia.com.br\/index.php\/2019\/08\/13\/um-absurdo-diz-prefeita-de-quedas-do-iguacu-sobre-a-cassacao-pela-compra-de-65-toneladas-de-bolo\/","title":{"rendered":"&#8216;Um absurdo&#8217;, diz prefeita de Quedas do Igua\u00e7u sobre a cassa\u00e7\u00e3o pela compra de 6,5 toneladas de bolo"},"content":{"rendered":"\n<h4 class=\"wp-block-heading\">Marlene Revers teve o mandato cassado pela C\u00e2mara de Vereadores por gastos excessivos e conseguiu permanecer no cargo por meio de uma liminar da Justi\u00e7a.<\/h4>\n\n\n\n<p>A prefeita de Quedas do Igua\u00e7u, no oeste do Paran\u00e1, Marlene Revers (Pros) classificou de absurda a condu\u00e7\u00e3o das investiga\u00e7\u00f5es sobre a compra de 6,5 toneladas de bolo e 36 mil salgadinhos.<\/p>\n\n\n\n<p>Marlene chegou a ter o\u00a0mandato cassado pela C\u00e2mara de Vereadores\u00a0no dia 6 por omiss\u00e3o e neglig\u00eancia na defesa de bens e interesses do munic\u00edpio e por proceder de modo incompat\u00edvel com a dignidade e decoro do cargo ao permitir os gastos considerados excessivos.<\/p>\n\n\n\n<p>&#8220;Um absurdo. Foram mandadas para eles [vereadores da Comiss\u00e3o Processante] umas dez pastas pela Assist\u00eancia Social, que \u00e9 bem organizada, com fotos, com assinatura de presen\u00e7a, relat\u00f3rio de todos os programas, a soma das notas. Foi mandado tudo&#8221;, justificou.<\/p>\n\n\n\n<p>Na sexta-feira (9), uma\u00a0liminar da Justi\u00e7a autorizou que ela permanecesse no cargo.<\/p>\n\n\n\n<p>O juiz Vitor Toffoli determinou ainda que seja marcada uma uma nova sess\u00e3o de vota\u00e7\u00e3o do parecer da Comiss\u00e3o Processante. A C\u00e2mara Municipal recorreu da decis\u00e3o.<\/p>\n\n\n\n<h2 class=\"wp-block-heading\">Retalia\u00e7\u00e3o<\/h2>\n\n\n\n<p>A prefeita e o marido, Vit\u00f3rio Revers, que \u00e9 secret\u00e1rio de Administra\u00e7\u00e3o, alegam que a cassa\u00e7\u00e3o foi uma retalia\u00e7\u00e3o pol\u00edtica da C\u00e2mara, j\u00e1 que a oposi\u00e7\u00e3o \u00e9 maioria no Legislativo municipal.<\/p>\n\n\n\n<p>&#8220;Como a gente permaneceu firme na administra\u00e7\u00e3o, n\u00e3o cedendo a certos pedidos, sentimos que era um momento em que queriam nos prejudicar&#8221;, destacou.<\/p>\n\n\n\n<p>A prefeitura admite que houve falha na emiss\u00e3o das notas e na descri\u00e7\u00e3o dos gastos e determinou que a partir de agora as notas sejam emitidas respeitando o que \u00e9 adquirido pela administra\u00e7\u00e3o.<\/p>\n\n\n\n<h2 class=\"wp-block-heading\">Mais fam\u00edlias atendidas<\/h2>\n\n\n\n<p>De acordo com a coordenadora do Centro de Refer\u00eancia em Assist\u00eancia Social (CRAS), Marcelaine Reguelin, a quantidade de bolo apontada na investiga\u00e7\u00e3o foi consumida em uma no e meio e n\u00e3o em dez meses, como apontam as notas fiscais apresentadas.<\/p>\n\n\n\n<p>Como o mercado que venceu a licita\u00e7\u00e3o para entregar os doces e salgados n\u00e3o emitia notas todos os meses, em alguns per\u00edodos as requisi\u00e7\u00f5es eram acumuladas e apresentadas juntas, o que conforme a coordenadora explica, por exemplo, os 1,4 mil kg de bolos que aparecem nas notas de fevereiro de 2018.<\/p>\n\n\n\n<p>&#8220;Algumas vezes eles ligavam e falavam que n\u00e3o iam emitir a nota porque estavam com alguma [certid\u00e3o] negativa e por isso a prefeitura n\u00e3o conseguiria fazer os pagamentos&#8221;, completou.<\/p>\n\n\n\n<p>Neste per\u00edodo, alegou, tamb\u00e9m houve um aumento no atendimento a fam\u00edlias carentes da cidade &#8211; de quatro grupos em 2016 para 20 em 2019 &#8211; e que lanches com bolos e salgadinhos s\u00e3o oferecidos com frequ\u00eancia em eventos que v\u00e3o desde anivers\u00e1rios de crian\u00e7as acolhidas em casas abrigo como em reuni\u00f5es e cursos da pasta.<\/p>\n\n\n\n<p>&#8220;As mulheres iam l\u00e1, faziam o curso, levavam seus filhos junto e a gente tinha uma esp\u00e9cie de creche itinerante, onde as crian\u00e7as ficavam com oficineiros que cuidavam delas. E, a gente oferecia lanche para as m\u00e3es e as crian\u00e7as&#8221;, explicou.<\/p>\n\n\n\n<h2 class=\"wp-block-heading\">Outro lado<\/h2>\n\n\n\n<p>O dono do mercado respons\u00e1vel pelas notas afirmou que as certid\u00f5es negativas t\u00eam data de vencimento e que por isso era normal deixar acumular pedidos e ent\u00e3o emitir as notas fiscais depois de a situa\u00e7\u00e3o estar regularizada.<\/p>\n\n\n\n<p>A C\u00e2mara de Vereadores informou que todos os vereadores receberam o processo integramente, incluindo a defesa da prefeita, e que tiveram 20 dias para analisar a documenta\u00e7\u00e3o.<\/p>\n\n\n\n<p>Sobre as acusa\u00e7\u00f5es de Marlene e do marido, a dire\u00e7\u00e3o da Casa negou que houve persegui\u00e7\u00e3o pol\u00edtica.<\/p>\n\n\n\n<p>G1<\/p>\n","protected":false},"excerpt":{"rendered":"<p>Marlene Revers teve o mandato cassado pela C\u00e2mara de Vereadores por gastos excessivos e conseguiu permanecer no cargo por meio de uma liminar da Justi\u00e7a. A prefeita de Quedas do Igua\u00e7u, no oeste do Paran\u00e1, Marlene Revers (Pros) classificou de absurda a condu\u00e7\u00e3o das investiga\u00e7\u00f5es sobre a compra de 6,5 toneladas de bolo e 36 [&hellip;]<\/p>\n","protected":false},"author":2,"featured_media":17094,"comment_status":"open","ping_status":"open","sticky":false,"template":"","format":"standard","meta":{"advanced_seo_description":"","jetpack_seo_html_title":"","jetpack_seo_noindex":false,"_jetpack_memberships_contains_paid_content":false,"footnotes":""},"categories":[42],"tags":[],"class_list":{"0":"post-17093","1":"post","2":"type-post","3":"status-publish","4":"format-standard","5":"has-post-thumbnail","7":"category-cidades"},"jetpack_featured_media_url":"https:\/\/www.paranapraia.com.br\/wp-content\/uploads\/2019\/08\/bomdis.jpg","jetpack_sharing_enabled":true,"_links":{"self":[{"href":"https:\/\/www.paranapraia.com.br\/index.php\/wp-json\/wp\/v2\/posts\/17093"}],"collection":[{"href":"https:\/\/www.paranapraia.com.br\/index.php\/wp-json\/wp\/v2\/posts"}],"about":[{"href":"https:\/\/www.paranapraia.com.br\/index.php\/wp-json\/wp\/v2\/types\/post"}],"author":[{"embeddable":true,"href":"https:\/\/www.paranapraia.com.br\/index.php\/wp-json\/wp\/v2\/users\/2"}],"replies":[{"embeddable":true,"href":"https:\/\/www.paranapraia.com.br\/index.php\/wp-json\/wp\/v2\/comments?post=17093"}],"version-history":[{"count":1,"href":"https:\/\/www.paranapraia.com.br\/index.php\/wp-json\/wp\/v2\/posts\/17093\/revisions"}],"predecessor-version":[{"id":17095,"href":"https:\/\/www.paranapraia.com.br\/index.php\/wp-json\/wp\/v2\/posts\/17093\/revisions\/17095"}],"wp:featuredmedia":[{"embeddable":true,"href":"https:\/\/www.paranapraia.com.br\/index.php\/wp-json\/wp\/v2\/media\/17094"}],"wp:attachment":[{"href":"https:\/\/www.paranapraia.com.br\/index.php\/wp-json\/wp\/v2\/media?parent=17093"}],"wp:term":[{"taxonomy":"category","embeddable":true,"href":"https:\/\/www.paranapraia.com.br\/index.php\/wp-json\/wp\/v2\/categories?post=17093"},{"taxonomy":"post_tag","embeddable":true,"href":"https:\/\/www.paranapraia.com.br\/index.php\/wp-json\/wp\/v2\/tags?post=17093"}],"curies":[{"name":"wp","href":"https:\/\/api.w.org\/{rel}","templated":true}]}}