{"id":17090,"date":"2019-08-13T15:36:14","date_gmt":"2019-08-13T18:36:14","guid":{"rendered":"https:\/\/www.paranapraia.com.br\/?p=17090"},"modified":"2019-08-13T15:36:15","modified_gmt":"2019-08-13T18:36:15","slug":"acordo-deve-garantir-reducao-de-quase-r-6-por-carro-no-pedagio-que-liga-curitiba-ao-litoral","status":"publish","type":"post","link":"https:\/\/www.paranapraia.com.br\/index.php\/2019\/08\/13\/acordo-deve-garantir-reducao-de-quase-r-6-por-carro-no-pedagio-que-liga-curitiba-ao-litoral\/","title":{"rendered":"Acordo deve garantir redu\u00e7\u00e3o de quase R$ 6 por carro no ped\u00e1gio que liga Curitiba ao Litoral"},"content":{"rendered":"\n<h4 class=\"wp-block-heading\">Ecorodovias pagar\u00e1, em decorr\u00eancia das infra\u00e7\u00f5es e il\u00edcitos revelados, R$ 400 milh\u00f5es at\u00e9 o fim das concess\u00f5es que se encerram em 2021<\/h4>\n\n\n\n<p>O acordo de leni\u00eancia firmado entre a for\u00e7a-tarefa da Opera\u00e7\u00e3o Lava Jato e a Ecorodovias deve garantir uma redu\u00e7\u00e3o de quase R$ 6 na tarifa para carros na pra\u00e7a de ped\u00e1gio que liga Curitiba ao Litoral do Paran\u00e1. De acordo com informa\u00e7\u00f5es divulgadas nesta segunda-feira (12) pelo Minist\u00e9rio P\u00fablico Federal (MPF), o acordo prev\u00ea uma redu\u00e7\u00e3o de 30% na tarifa, o que representa R$ 5,82. Se esse for o valor aplicado, a tarifa de S\u00e3o Jos\u00e9 dos Pinhais, na regi\u00e3o metropolitana de Curitiba, passaria de R$ 19,40 para R$ 13,58.<\/p>\n\n\n\n<p>Segundo o MPF, o acordo prev\u00ea ainda a redu\u00e7\u00e3o da tarifa em outras cinco pra\u00e7as de ped\u00e1gio do Grupo Ecorodovias S.A. Ent\u00e3o, al\u00e9m de S\u00e3o Jos\u00e9 dos Pinhais, teriam redu\u00e7\u00e3o de 30% na tarifa nas pra\u00e7as de S\u00e3o Miguel do Igua\u00e7u, C\u00e9u Azul, Cascavel, Laranjeiras do Sul e Candoi. As seis pra\u00e7as do grupo ficam localizadas na BR-277.<\/p>\n\n\n\n<p>\u201cA empresa reconheceu o pagamento de propinas para a obten\u00e7\u00e3o de modifica\u00e7\u00f5es contratuais ben\u00e9ficas \u00e0 concession\u00e1ria desde o ano 2000. Pelo acordo, a Ecorodovias pagar\u00e1, em decorr\u00eancia das infra\u00e7\u00f5es e il\u00edcitos revelados, R$ 400 milh\u00f5es at\u00e9 o fim das concess\u00f5es que se encerram em 2021. Como nos demais acordos de leni\u00eancia feitos pela for\u00e7a-tarefa, o valor constitui uma antecipa\u00e7\u00e3o de valores devidos pela empresa, n\u00e3o impedindo a atua\u00e7\u00e3o de outros \u00f3rg\u00e3os p\u00fablicos\u201d, afirma o MPF.<\/p>\n\n\n\n<h2 class=\"wp-block-heading\">Nota<\/h2>\n\n\n\n<p>Diante do acordo, a Ecorodovias enviou nota \u00e0 imprensa sobre o acordo:<\/p>\n\n\n\n<p><em>As concession\u00e1rias Ecovia e Ecocataratas, controladas pela EcoRodovias, celebraram hoje acordo de leni\u00eancia com o Minist\u00e9rio P\u00fablico Federal, no Paran\u00e1, no qual se comprometem a reduzir em 30% o valor da tarifa de ped\u00e1gio por pelo menos 12 meses, o que totaliza R$ 100 milh\u00f5es na Ecovia e R$ 120 milh\u00f5es na Ecocataratas. As concession\u00e1rias tamb\u00e9m dever\u00e3o arcar com R$ 20 milh\u00f5es e R$ 100 milh\u00f5es, respectivamente, em novos investimentos nos trechos de concess\u00e3o. Adicionalmente, a EcoRodovias pagar\u00e1 multa de R$ 30 milh\u00f5es.<\/em><\/p>\n\n\n\n<p><em>A redu\u00e7\u00e3o da tarifa se dar\u00e1 em favor dos usu\u00e1rios de todas as pra\u00e7as de ped\u00e1gio operadas pelas duas concession\u00e1rias do grupo no Paran\u00e1. As novas tarifas ser\u00e3o implementadas ap\u00f3s a homologa\u00e7\u00e3o do acordo e os novos investimentos ainda devem ser aprovados pelo poder concedente.<\/em><\/p>\n\n\n\n<p><em>A medida \u00e9 um importante passo para que a companhia possa seguir seu caminho de crescimento, deixando para tr\u00e1s qualquer atitude em desacordo com suas diretrizes \u00e9ticas e morais.<\/em><\/p>\n\n\n\n<p><em>Contando atualmente com amplo programa de compliance e rigorosos mecanismos de controle de gest\u00e3o, a EcoRodovias reafirma seu compromisso com o crescimento sustent\u00e1vel e com transpar\u00eancia em todas as suas rela\u00e7\u00f5es profissionais.<\/em><\/p>\n\n\n\n<p>BandaB<\/p>\n\n\n\n<p><br><\/p>\n","protected":false},"excerpt":{"rendered":"<p>Ecorodovias pagar\u00e1, em decorr\u00eancia das infra\u00e7\u00f5es e il\u00edcitos revelados, R$ 400 milh\u00f5es at\u00e9 o fim das concess\u00f5es que se encerram em 2021 O acordo de leni\u00eancia firmado entre a for\u00e7a-tarefa da Opera\u00e7\u00e3o Lava Jato e a Ecorodovias deve garantir uma redu\u00e7\u00e3o de quase R$ 6 na tarifa para carros na pra\u00e7a de ped\u00e1gio que liga [&hellip;]<\/p>\n","protected":false},"author":2,"featured_media":17091,"comment_status":"open","ping_status":"open","sticky":false,"template":"","format":"standard","meta":{"advanced_seo_description":"","jetpack_seo_html_title":"","jetpack_seo_noindex":false,"_jetpack_memberships_contains_paid_content":false,"footnotes":""},"categories":[40],"tags":[],"class_list":{"0":"post-17090","1":"post","2":"type-post","3":"status-publish","4":"format-standard","5":"has-post-thumbnail","7":"category-destaques"},"jetpack_featured_media_url":"https:\/\/www.paranapraia.com.br\/wp-content\/uploads\/2019\/08\/pedagio.jpg","jetpack_sharing_enabled":true,"_links":{"self":[{"href":"https:\/\/www.paranapraia.com.br\/index.php\/wp-json\/wp\/v2\/posts\/17090"}],"collection":[{"href":"https:\/\/www.paranapraia.com.br\/index.php\/wp-json\/wp\/v2\/posts"}],"about":[{"href":"https:\/\/www.paranapraia.com.br\/index.php\/wp-json\/wp\/v2\/types\/post"}],"author":[{"embeddable":true,"href":"https:\/\/www.paranapraia.com.br\/index.php\/wp-json\/wp\/v2\/users\/2"}],"replies":[{"embeddable":true,"href":"https:\/\/www.paranapraia.com.br\/index.php\/wp-json\/wp\/v2\/comments?post=17090"}],"version-history":[{"count":1,"href":"https:\/\/www.paranapraia.com.br\/index.php\/wp-json\/wp\/v2\/posts\/17090\/revisions"}],"predecessor-version":[{"id":17092,"href":"https:\/\/www.paranapraia.com.br\/index.php\/wp-json\/wp\/v2\/posts\/17090\/revisions\/17092"}],"wp:featuredmedia":[{"embeddable":true,"href":"https:\/\/www.paranapraia.com.br\/index.php\/wp-json\/wp\/v2\/media\/17091"}],"wp:attachment":[{"href":"https:\/\/www.paranapraia.com.br\/index.php\/wp-json\/wp\/v2\/media?parent=17090"}],"wp:term":[{"taxonomy":"category","embeddable":true,"href":"https:\/\/www.paranapraia.com.br\/index.php\/wp-json\/wp\/v2\/categories?post=17090"},{"taxonomy":"post_tag","embeddable":true,"href":"https:\/\/www.paranapraia.com.br\/index.php\/wp-json\/wp\/v2\/tags?post=17090"}],"curies":[{"name":"wp","href":"https:\/\/api.w.org\/{rel}","templated":true}]}}