{"id":17075,"date":"2019-08-13T15:16:45","date_gmt":"2019-08-13T18:16:45","guid":{"rendered":"https:\/\/www.paranapraia.com.br\/?p=17075"},"modified":"2019-08-13T15:16:46","modified_gmt":"2019-08-13T18:16:46","slug":"caso-daniel-juiza-aceita-pedido-de-defesa-dos-brittes-e-adia-audiencias-para-setembro","status":"publish","type":"post","link":"https:\/\/www.paranapraia.com.br\/index.php\/2019\/08\/13\/caso-daniel-juiza-aceita-pedido-de-defesa-dos-brittes-e-adia-audiencias-para-setembro\/","title":{"rendered":"Caso Daniel: ju\u00edza aceita pedido de defesa dos Brittes e adia audi\u00eancias para setembro"},"content":{"rendered":"\n<p>A audi\u00eancia para tomada de depoimento dos r\u00e9us do&nbsp;<strong>Caso Daniel<\/strong>&nbsp;foi adiada. A pedido da defesa do assassino confesso,&nbsp;<strong>Edison Brittes J\u00fanior<\/strong>&nbsp;(que tamb\u00e9m defende Cristiana e Allana), uma nova data foi marcada para o in\u00edcio de setembro. A justificativa \u00e9 que uma nova testemunha ser\u00e1 ouvida antes do depoimento dos sete r\u00e9us do processo que julga as responsabilidades na morte do<strong>&nbsp;jogador de futebol Daniel Corr\u00eaa<\/strong>, ocorrido em outubro de 2018.<\/p>\n\n\n\n<p>O advogado Cl\u00e1udio Dalledone pediu um desmembramento do julgamento, para que todos sejam ouvidos separadamente, mas a ju\u00edza Luciane Regina Martins de Paula, da 1\u00aa Vara Criminal de S\u00e3o Jos\u00e9 dos Pinhais, indeferiu o pedido. Tamb\u00e9m foi pedida uma acarea\u00e7\u00e3o entre a nova testemunha, o rep\u00f3rter Jo\u00e3o Gimenez \u2013 que foi at\u00e9 a loja em que o celular de Cristiana Brittes foi mandado para assist\u00eancia \u2013 e os acusados, mas o pedido tamb\u00e9m foi indeferido. No entanto, a ju\u00edza aceitou o adiamento das audi\u00eancias at\u00e9 que Gimenez seja ouvido em depoimento.<\/p>\n\n\n\n<p>A defesa de dois dos r\u00e9us ficou incomodada com a decis\u00e3o da ju\u00edza. \u201cMeus clientes tiverem participa\u00e7\u00e3o acess\u00f3ria neste caso e adiar \u00e9 prejudicial, pois eles est\u00e3o presos e o interesse \u00e9 resolver o mais r\u00e1pido poss\u00edvel. Pedi em audi\u00eancia a liberdade deles, pois n\u00e3o fomos n\u00f3s que demos causa ao adiamento\u201d, explicou o advogado de Ygor King e David da Silva, Rodrigo Faucz.<\/p>\n\n\n\n<h3 class=\"wp-block-heading\">O caso<\/h3>\n\n\n\n<p>O processo tem sete r\u00e9us, dos quais seis foram presos. Entre eles,\u00a0<strong>Allana Emily Brittes<\/strong>, filha de Edison, que foi libertada semana passada ap\u00f3s conseguir um\u00a0<em>habeas corpus<\/em>\u00a0no\u00a0<strong>Superior Tribunal de Justi\u00e7a (STJ)<\/strong>. Os outros permanecem presos. Outras duas baterias de audi\u00eancias j\u00e1 ocorreram este ano, nos meses de\u00a0fevereiro\u00a0e\u00a0abril.<\/p>\n\n\n\n<p>Conforme o ritual jur\u00eddico, em fevereiro foram ouvidas as testemunhas de acusa\u00e7\u00e3o, ou seja, pessoas designadas pelos advogados que atuam como assistentes de acusa\u00e7\u00e3o (em apoio \u00e0 fam\u00edlia do jogador Daniel). Foram tr\u00eas dias de audi\u00eancias, com\u00a013 pessoas ouvidas, alguns bate-bocas entre advogados, novas informa\u00e7\u00f5es que n\u00e3o estavam no inqu\u00e9rito policial e surpresas jur\u00eddicas.<\/p>\n\n\n\n<p>Na segunda fase, em abril, foi a vez das testemunhas de defesa dos r\u00e9us serem convocadas. Em tr\u00eas dias,\u00a044 pessoas foram ouvidas. Alguns testemunhos ficaram pendentes e foram feitos por carta precat\u00f3ria \u2013 j\u00e1 que as testemunhas s\u00e3o de outros munic\u00edpios ou estados.<\/p>\n\n\n\n<p>Os&nbsp;r\u00e9us sempre s\u00e3o os \u00faltimos a serem ouvidos, depois que todas as testemunhas deram seus depoimentos e que todas as per\u00edcias e provas foram produzidas. E, em geral, segue-se a ordem listada na den\u00fancia feita pelo Minist\u00e9rio P\u00fablico (MP). Ainda est\u00e3o pendentes para anexar ao processo dois laudos, que s\u00e3o as pericias no celular de Daniel e das imagens da Shed.<\/p>\n\n\n\n<h3 class=\"wp-block-heading\">Os r\u00e9us<\/h3>\n\n\n\n<p>Ao todo s\u00e3o sete acusados de participa\u00e7\u00e3o na morte do jogador Daniel, mas cada um deles responde a uma determinada acusa\u00e7\u00e3o. Veja a seguir.<\/p>\n\n\n\n<p>\u2013&nbsp;<strong>Edison Brittes<\/strong>: homic\u00eddio triplamente qualificado, oculta\u00e7\u00e3o de cad\u00e1ver, fraude processual e corrup\u00e7\u00e3o de menor e coa\u00e7\u00e3o no curso do processo;<\/p>\n\n\n\n<p>\u2013&nbsp;<strong>Cristiana Brittes<\/strong>: homic\u00eddio qualificado por motivo torpe, coa\u00e7\u00e3o do curso de processo, fraude processual e corrup\u00e7\u00e3o de menor;<\/p>\n\n\n\n<p>\u2013&nbsp;<strong>Allana Brittes&nbsp;<\/strong>(responde em liberdade): coa\u00e7\u00e3o no curso do processo, fraude processual e corrup\u00e7\u00e3o de adolescente;<\/p>\n\n\n\n<p>\u2013&nbsp;<strong>David Willian da Silva<\/strong>: homic\u00eddio triplamente qualificado, oculta\u00e7\u00e3o de cad\u00e1ver, fraude processual, corrup\u00e7\u00e3o de menor e denuncia\u00e7\u00e3o caluniosa;<\/p>\n\n\n\n<p>\u2013&nbsp;<strong>Eduardo da Silva<\/strong>: homic\u00eddio triplamente qualificado, oculta\u00e7\u00e3o de cad\u00e1ver, fraude processual e corrup\u00e7\u00e3o de menor;<\/p>\n\n\n\n<p>\u2013&nbsp;<strong>Ygor King<\/strong>: homic\u00eddio triplamente qualificado, oculta\u00e7\u00e3o de cad\u00e1ver, fraude processual e corrup\u00e7\u00e3o de menor;<\/p>\n\n\n\n<p>\u2013\u00a0<strong>Evellyn Brisola Perusso<\/strong>\u00a0(responde em liberdade): denuncia\u00e7\u00e3o caluniosa, fraude processual, corrup\u00e7\u00e3o de menor e falso testemunho.<\/p>\n\n\n\n<p>TribunaPr<\/p>\n","protected":false},"excerpt":{"rendered":"<p>A audi\u00eancia para tomada de depoimento dos r\u00e9us do&nbsp;Caso Daniel&nbsp;foi adiada. A pedido da defesa do assassino confesso,&nbsp;Edison Brittes J\u00fanior&nbsp;(que tamb\u00e9m defende Cristiana e Allana), uma nova data foi marcada para o in\u00edcio de setembro. A justificativa \u00e9 que uma nova testemunha ser\u00e1 ouvida antes do depoimento dos sete r\u00e9us do processo que julga as [&hellip;]<\/p>\n","protected":false},"author":2,"featured_media":17076,"comment_status":"open","ping_status":"open","sticky":false,"template":"","format":"standard","meta":{"advanced_seo_description":"","jetpack_seo_html_title":"","jetpack_seo_noindex":false,"_jetpack_memberships_contains_paid_content":false,"footnotes":""},"categories":[33],"tags":[],"class_list":{"0":"post-17075","1":"post","2":"type-post","3":"status-publish","4":"format-standard","5":"has-post-thumbnail","7":"category-policia"},"jetpack_featured_media_url":"https:\/\/www.paranapraia.com.br\/wp-content\/uploads\/2019\/08\/cuzona.jpg","jetpack_sharing_enabled":true,"_links":{"self":[{"href":"https:\/\/www.paranapraia.com.br\/index.php\/wp-json\/wp\/v2\/posts\/17075"}],"collection":[{"href":"https:\/\/www.paranapraia.com.br\/index.php\/wp-json\/wp\/v2\/posts"}],"about":[{"href":"https:\/\/www.paranapraia.com.br\/index.php\/wp-json\/wp\/v2\/types\/post"}],"author":[{"embeddable":true,"href":"https:\/\/www.paranapraia.com.br\/index.php\/wp-json\/wp\/v2\/users\/2"}],"replies":[{"embeddable":true,"href":"https:\/\/www.paranapraia.com.br\/index.php\/wp-json\/wp\/v2\/comments?post=17075"}],"version-history":[{"count":1,"href":"https:\/\/www.paranapraia.com.br\/index.php\/wp-json\/wp\/v2\/posts\/17075\/revisions"}],"predecessor-version":[{"id":17077,"href":"https:\/\/www.paranapraia.com.br\/index.php\/wp-json\/wp\/v2\/posts\/17075\/revisions\/17077"}],"wp:featuredmedia":[{"embeddable":true,"href":"https:\/\/www.paranapraia.com.br\/index.php\/wp-json\/wp\/v2\/media\/17076"}],"wp:attachment":[{"href":"https:\/\/www.paranapraia.com.br\/index.php\/wp-json\/wp\/v2\/media?parent=17075"}],"wp:term":[{"taxonomy":"category","embeddable":true,"href":"https:\/\/www.paranapraia.com.br\/index.php\/wp-json\/wp\/v2\/categories?post=17075"},{"taxonomy":"post_tag","embeddable":true,"href":"https:\/\/www.paranapraia.com.br\/index.php\/wp-json\/wp\/v2\/tags?post=17075"}],"curies":[{"name":"wp","href":"https:\/\/api.w.org\/{rel}","templated":true}]}}