{"id":17071,"date":"2019-08-13T15:12:38","date_gmt":"2019-08-13T18:12:38","guid":{"rendered":"https:\/\/www.paranapraia.com.br\/?p=17071"},"modified":"2019-08-13T15:12:39","modified_gmt":"2019-08-13T18:12:39","slug":"caminhoneiro-envolvido-em-acidente-que-matou-tres-pessoas-recebe-alta-em-ponta-grossa","status":"publish","type":"post","link":"https:\/\/www.paranapraia.com.br\/index.php\/2019\/08\/13\/caminhoneiro-envolvido-em-acidente-que-matou-tres-pessoas-recebe-alta-em-ponta-grossa\/","title":{"rendered":"Caminhoneiro envolvido em acidente que matou tr\u00eas pessoas recebe alta, em Ponta Grossa"},"content":{"rendered":"\n<h4 class=\"wp-block-heading\">Motorista deixou hospital na noite desta segunda-feira (12). V\u00edtimas ser\u00e3o sepultadas nesta ter\u00e7a-feira (13).<\/h4>\n\n\n\n<p>&nbsp;motorista do caminh\u00e3o que atingiu uma casa e matou tr\u00eas pessoas, em Ponta Grossa, nos Campos Gerais do Paran\u00e1, recebeu alta do hospital nesta segunda-feira (12). O idoso, de 60 anos, foi levado para o Hospital Municipal ap\u00f3s o acidente.<\/p>\n\n\n\n<p>Uma mulher, de 28 anos, a filha dela, de um ano e oito meses, e o av\u00f4 da crian\u00e7a, de 51 anos, estavam na casa e\u00a0morreram no acidente, de acordo com o Corpo de Bombeiros. As v\u00edtimas ser\u00e3o sepultadas na tarde desta ter\u00e7a-feira (13).<\/p>\n\n\n\n<p>A Pol\u00edcia Civil informou que aguarda o resultado de laudos da per\u00edcia, que ir\u00e3o identificar as causas do acidente. Ap\u00f3s o resultado, o motorista ser\u00e1 convocado para prestar depoimento, de acordo com a pol\u00edcia.<\/p>\n\n\n\n<p>O idoso passou por um teste de baf\u00f4metro, que indicou que ele n\u00e3o estava embriagado, conforme a Pol\u00edcia Militar (PM). Segundo o Corpo de Bombeiros, o motorista estava em estado de choque quando foi socorrido.<\/p>\n\n\n\n<p>G1<\/p>\n","protected":false},"excerpt":{"rendered":"<p>Motorista deixou hospital na noite desta segunda-feira (12). V\u00edtimas ser\u00e3o sepultadas nesta ter\u00e7a-feira (13). &nbsp;motorista do caminh\u00e3o que atingiu uma casa e matou tr\u00eas pessoas, em Ponta Grossa, nos Campos Gerais do Paran\u00e1, recebeu alta do hospital nesta segunda-feira (12). O idoso, de 60 anos, foi levado para o Hospital Municipal ap\u00f3s o acidente. Uma [&hellip;]<\/p>\n","protected":false},"author":2,"featured_media":17073,"comment_status":"open","ping_status":"open","sticky":false,"template":"","format":"standard","meta":{"advanced_seo_description":"","jetpack_seo_html_title":"","jetpack_seo_noindex":false,"_jetpack_memberships_contains_paid_content":false,"footnotes":""},"categories":[52],"tags":[],"class_list":{"0":"post-17071","1":"post","2":"type-post","3":"status-publish","4":"format-standard","5":"has-post-thumbnail","7":"category-acidentes"},"jetpack_featured_media_url":"https:\/\/www.paranapraia.com.br\/wp-content\/uploads\/2019\/08\/uhumk.jpeg","jetpack_sharing_enabled":true,"_links":{"self":[{"href":"https:\/\/www.paranapraia.com.br\/index.php\/wp-json\/wp\/v2\/posts\/17071"}],"collection":[{"href":"https:\/\/www.paranapraia.com.br\/index.php\/wp-json\/wp\/v2\/posts"}],"about":[{"href":"https:\/\/www.paranapraia.com.br\/index.php\/wp-json\/wp\/v2\/types\/post"}],"author":[{"embeddable":true,"href":"https:\/\/www.paranapraia.com.br\/index.php\/wp-json\/wp\/v2\/users\/2"}],"replies":[{"embeddable":true,"href":"https:\/\/www.paranapraia.com.br\/index.php\/wp-json\/wp\/v2\/comments?post=17071"}],"version-history":[{"count":1,"href":"https:\/\/www.paranapraia.com.br\/index.php\/wp-json\/wp\/v2\/posts\/17071\/revisions"}],"predecessor-version":[{"id":17074,"href":"https:\/\/www.paranapraia.com.br\/index.php\/wp-json\/wp\/v2\/posts\/17071\/revisions\/17074"}],"wp:featuredmedia":[{"embeddable":true,"href":"https:\/\/www.paranapraia.com.br\/index.php\/wp-json\/wp\/v2\/media\/17073"}],"wp:attachment":[{"href":"https:\/\/www.paranapraia.com.br\/index.php\/wp-json\/wp\/v2\/media?parent=17071"}],"wp:term":[{"taxonomy":"category","embeddable":true,"href":"https:\/\/www.paranapraia.com.br\/index.php\/wp-json\/wp\/v2\/categories?post=17071"},{"taxonomy":"post_tag","embeddable":true,"href":"https:\/\/www.paranapraia.com.br\/index.php\/wp-json\/wp\/v2\/tags?post=17071"}],"curies":[{"name":"wp","href":"https:\/\/api.w.org\/{rel}","templated":true}]}}