{"id":17068,"date":"2019-08-13T15:10:21","date_gmt":"2019-08-13T18:10:21","guid":{"rendered":"https:\/\/www.paranapraia.com.br\/?p=17068"},"modified":"2019-08-13T15:10:22","modified_gmt":"2019-08-13T18:10:22","slug":"testemunha-nao-e-encontrada-e-juiza-adia-interrogatorios-do-caso-daniel","status":"publish","type":"post","link":"https:\/\/www.paranapraia.com.br\/index.php\/2019\/08\/13\/testemunha-nao-e-encontrada-e-juiza-adia-interrogatorios-do-caso-daniel\/","title":{"rendered":"Testemunha n\u00e3o \u00e9 encontrada e ju\u00edza adia interrogat\u00f3rios do Caso Daniel"},"content":{"rendered":"\n<h4 class=\"wp-block-heading\">Jornalista de uma emissora de TV ser\u00e1 ouvida antes dos sete r\u00e9us<\/h4>\n\n\n\n<p>A aus\u00eancia de uma testemunha no F\u00f3rum de S\u00e3o Jos\u00e9 dos Pinhais, na regi\u00e3o metropolitana de Curitiba, fez a ju\u00edza Luciani Regina Martins de Paula adiar, no come\u00e7o da tarde desta ter\u00e7a-feira (13), os interrogat\u00f3rios do Caso Daniel. A testemunha em quest\u00e3o \u00e9 jornalista de uma emissora de TV e seria ouvida antes dos sete r\u00e9us. Com a aus\u00eancia, os interrogat\u00f3rios foram remarcados para os dias 4, 5 e 6 de setembro.<\/p>\n\n\n\n<p>O depoimento do jornalista \u00e9 um pedido da defesa da fam\u00edlia Brittes. Com uma contradi\u00e7\u00e3o em depoimentos prestados anteriormente, a ju\u00edza optou por ouvir a testemunha para saber como a emissora de TV teve acesso ao celular de Cristiana Brittes. A ju\u00edza Luciani Regina chegou a intimar o jornalista pela manh\u00e3, mas ele n\u00e3o foi encontrado.<\/p>\n\n\n\n<p>Para o assistente de acusa\u00e7\u00e3o, Nilton Ribeiro, a testemunha em quest\u00e3o \u00e9 desnecess\u00e1ria para o processo, mas a ju\u00edza agiu bem ao adiar a audi\u00eancia. \u201cAdiamentos s\u00e3o normais dentro do processo judicial e a gente v\u00ea com normalidade isso. A ju\u00edza muito bem destacou que para evitar qualquer possibilidade de nulidade, com o argumento de que a defesa foi cerceada, era melhor marcar nova data para os interrogat\u00f3rios\u201d, disse.<\/p>\n\n\n\n<p>O advogado de Eduardo Henrique Ribeiro da Silva, Edson Stadler, tamb\u00e9m afirmou que o adiamento foi necess\u00e1rio. \u201cN\u00e3o podemos aceitar \u00e9 que haja uma invers\u00e3o do \u00f4nus da produ\u00e7\u00e3o da prova. Como temos uma testemunha para ser inquirida, ela precisa ser, j\u00e1 que o que interessa \u00e9 a verdade real dos fatos\u201d, afirmou.<\/p>\n\n\n\n<p>Com a retomada da audi\u00eancia, em setembro, as primeiras a serem ouvidas ser\u00e3o as duas jovens que respondem em liberdade: Allana Emilly Brittes e Evellyn Brisola Perusso.<\/p>\n\n\n\n<h2 class=\"wp-block-heading\"><strong>Pedido de Liberdade<\/strong><\/h2>\n\n\n\n<p>Diante do adiamento, o advogado Rodrigo Faucz vai pedir a liberdade de David Willian Vollero Silva e Ygor King \u2018por excesso de prazo\u2019. \u201cComo n\u00e3o fomos n\u00f3s que demos causa ao adiamento, queremos a liberdade provis\u00f3ria, para que aguardem ao resto do processo em liberdade. Como os dois tiveram um papel secund\u00e1rio no crime, esse adiamento \u00e9 prejudicial para n\u00f3s\u201d, disse.<\/p>\n\n\n\n<p>O pedido ser\u00e1 feito por escrito para an\u00e1lise da ju\u00edza de S\u00e3o Jos\u00e9 dos Pinhais.<\/p>\n\n\n\n<h3 class=\"wp-block-heading\"><strong>Den\u00fancia<\/strong><\/h3>\n\n\n\n<p>Os sete foram denunciados pelo Minist\u00e9rio P\u00fablico do Paran\u00e1 (MP-PR) por participa\u00e7\u00e3o no crime.<\/p>\n\n\n\n<p>Respondem por homic\u00eddio qualificado, com motivo torpe, meio cruel, impossibilidade de defesa da v\u00edtima, oculta\u00e7\u00e3o de cad\u00e1ver e fraude processual: Edison Brittes Junior, Eduardo Henrique da Silva, Ygor King, e David Willian Vollero Silva.<\/p>\n\n\n\n<p>Cristiana Brittes tamb\u00e9m responde por homic\u00eddio qualificado, com motivo torpe, e coa\u00e7\u00e3o no curso do processo.<\/p>\n\n\n\n<p>A filha do casal Brittes, Allana, foi denunciada por coa\u00e7\u00e3o de testemunhas, fraude processual e corrup\u00e7\u00e3o de menores.<\/p>\n\n\n\n<p>J\u00e1 a jovem Evellyn Perusso responde por fraude processual\\<\/p>\n\n\n\n<p>BandaB<br><\/p>\n\n\n\n<p><br><\/p>\n","protected":false},"excerpt":{"rendered":"<p>Jornalista de uma emissora de TV ser\u00e1 ouvida antes dos sete r\u00e9us A aus\u00eancia de uma testemunha no F\u00f3rum de S\u00e3o Jos\u00e9 dos Pinhais, na regi\u00e3o metropolitana de Curitiba, fez a ju\u00edza Luciani Regina Martins de Paula adiar, no come\u00e7o da tarde desta ter\u00e7a-feira (13), os interrogat\u00f3rios do Caso Daniel. A testemunha em quest\u00e3o \u00e9 [&hellip;]<\/p>\n","protected":false},"author":2,"featured_media":17069,"comment_status":"open","ping_status":"open","sticky":false,"template":"","format":"standard","meta":{"advanced_seo_description":"","jetpack_seo_html_title":"","jetpack_seo_noindex":false,"_jetpack_memberships_contains_paid_content":false,"footnotes":""},"categories":[42],"tags":[],"class_list":{"0":"post-17068","1":"post","2":"type-post","3":"status-publish","4":"format-standard","5":"has-post-thumbnail","7":"category-cidades"},"jetpack_featured_media_url":"https:\/\/www.paranapraia.com.br\/wp-content\/uploads\/2019\/08\/ooa.jpg","jetpack_sharing_enabled":true,"_links":{"self":[{"href":"https:\/\/www.paranapraia.com.br\/index.php\/wp-json\/wp\/v2\/posts\/17068"}],"collection":[{"href":"https:\/\/www.paranapraia.com.br\/index.php\/wp-json\/wp\/v2\/posts"}],"about":[{"href":"https:\/\/www.paranapraia.com.br\/index.php\/wp-json\/wp\/v2\/types\/post"}],"author":[{"embeddable":true,"href":"https:\/\/www.paranapraia.com.br\/index.php\/wp-json\/wp\/v2\/users\/2"}],"replies":[{"embeddable":true,"href":"https:\/\/www.paranapraia.com.br\/index.php\/wp-json\/wp\/v2\/comments?post=17068"}],"version-history":[{"count":1,"href":"https:\/\/www.paranapraia.com.br\/index.php\/wp-json\/wp\/v2\/posts\/17068\/revisions"}],"predecessor-version":[{"id":17070,"href":"https:\/\/www.paranapraia.com.br\/index.php\/wp-json\/wp\/v2\/posts\/17068\/revisions\/17070"}],"wp:featuredmedia":[{"embeddable":true,"href":"https:\/\/www.paranapraia.com.br\/index.php\/wp-json\/wp\/v2\/media\/17069"}],"wp:attachment":[{"href":"https:\/\/www.paranapraia.com.br\/index.php\/wp-json\/wp\/v2\/media?parent=17068"}],"wp:term":[{"taxonomy":"category","embeddable":true,"href":"https:\/\/www.paranapraia.com.br\/index.php\/wp-json\/wp\/v2\/categories?post=17068"},{"taxonomy":"post_tag","embeddable":true,"href":"https:\/\/www.paranapraia.com.br\/index.php\/wp-json\/wp\/v2\/tags?post=17068"}],"curies":[{"name":"wp","href":"https:\/\/api.w.org\/{rel}","templated":true}]}}