{"id":17059,"date":"2019-08-13T11:43:24","date_gmt":"2019-08-13T14:43:24","guid":{"rendered":"https:\/\/www.paranapraia.com.br\/?p=17059"},"modified":"2019-08-13T11:43:25","modified_gmt":"2019-08-13T14:43:25","slug":"meio-ambiente-alemanha-confirma-bloqueio-de-r-156-milhoes-e-poe-em-xeque-acordo-mercosul-ue","status":"publish","type":"post","link":"https:\/\/www.paranapraia.com.br\/index.php\/2019\/08\/13\/meio-ambiente-alemanha-confirma-bloqueio-de-r-156-milhoes-e-poe-em-xeque-acordo-mercosul-ue\/","title":{"rendered":"Meio ambiente: Alemanha confirma bloqueio de R$ 156 milh\u00f5es e p\u00f5e em xeque acordo Mercosul-UE"},"content":{"rendered":"\n<p>O Minist\u00e9rio do Meio Ambiente da Alemanha confirmou nesta segunda-feira (12) que decidiu congelar investimentos de at\u00e9 35 milh\u00f5es de euros (ou R$ 156 milh\u00f5es) em projetos de preserva\u00e7\u00e3o ambiental no Brasil.<\/p>\n\n\n\n<p>Em novo epis\u00f3dio da sequ\u00eancia de atritos entre pa\u00edses europeus e o Brasil sobre a prote\u00e7\u00e3o de ecossistemas, a pasta tamb\u00e9m colocou em d\u00favida o apoio alem\u00e3o ao acordo de livre com\u00e9rcio entre Mercosul e Uni\u00e3o Europeia, cujo cap\u00edtulo sobre sustentabilidade seria &#8220;essencial&#8221;, segundo o minist\u00e9rio.<\/p>\n\n\n\n<p>Al\u00e9m dos impactos sociais e ambientais, a controv\u00e9rsia sobre o aumento brusco no ritmo de desmatamento na Amaz\u00f4nia desde o in\u00edcio do governo de Jair Bolsonaro traz problemas diplom\u00e1ticos para o Brasil.<\/p>\n\n\n\n<p>Junto ao corte milion\u00e1rio em investimentos e de poss\u00edveis impactos no acordo assinado por sul-americanos e europeus ap\u00f3s 10 anos de negocia\u00e7\u00f5es, o governo da Alemanha afirmou que &#8220;j\u00e1 discute&#8221; mudan\u00e7as no financiamento do Fundo Amaz\u00f4nia, lan\u00e7ado em 2008 como o maior projeto da hist\u00f3ria de coopera\u00e7\u00e3o internacional para a preserva\u00e7\u00e3o da floresta amaz\u00f4nica.<\/p>\n\n\n\n<figure><iframe><\/iframe><\/figure>\n\n\n\n<p>Em nota enviada por um porta-voz \u00e0 reportagem, a ministra alem\u00e3 do Meio Ambiente, Svenja Schulze, afirmou que &#8220;a pol\u00edtica do governo brasileiro na Amaz\u00f4nia gera d\u00favidas sobre se o pa\u00eds ainda busca uma redu\u00e7\u00e3o consistente nas taxas de desmatamento&#8221;.<\/p>\n\n\n\n<p>&#8220;Somente quando esta clareza for restaurada, a colabora\u00e7\u00e3o no projeto pode ser retomada&#8221;, continuou.<\/p>\n\n\n\n<p>Os investimentos bloqueados faziam parte de uma verba do governo alem\u00e3o destinada a projetos ligados a clima e biodiversidade em pa\u00edses em desenvolvimento &#8211; a Iniciativa Internacional para o Clima.<\/p>\n\n\n\n<p>De acordo com o porta-voz do minist\u00e9rio alem\u00e3o, &#8220;uma chamada para avalia\u00e7\u00e3o de projetos de at\u00e9 35 milh\u00f5es de euros criada especificamente para o Brasil est\u00e1 bloqueada&#8221;.<\/p>\n\n\n\n<p>&#8220;Um pr\u00e9-requisito para a coopera\u00e7\u00e3o dentro do programa \u00e9 que o parceiro pol\u00edtico (Brasil) apoie o conte\u00fado dos projetos. Na situa\u00e7\u00e3o atual, h\u00e1 d\u00favidas consider\u00e1veis sobre isso e, por enquanto, nenhum outro projeto novo ser\u00e1 financiado.&#8221;<\/p>\n\n\n\n<p>Entre 2008 e 2018, este programa do Minist\u00e9rio do Meio Ambiente da Alemanha investiu em torno de 95 milh\u00f5es de euros (ou 424 milh\u00f5es de reais) em projetos bilaterais com o Brasil, segundo o porta-voz.<\/p>\n\n\n\n<h2 class=\"wp-block-heading\">&#8216;Incentivos para o desmatamento na Am\u00e9rica do Sul n\u00e3o devem existir&#8217;<\/h2>\n\n\n\n<figure class=\"wp-block-image\"><img decoding=\"async\" src=\"https:\/\/ichef.bbci.co.uk\/news\/624\/cpsprodpb\/B2FB\/production\/_108291854_6629c15e-4014-4218-b504-89410e312c2b.jpg\" alt=\"desmatamento\"\/><figcaption>Image captionPrograma congelado pela Alemanha investiu em torno de 95 milh\u00f5es de euros (ou 424 milh\u00f5es de reais) em projetos bilaterais com o Brasil<\/figcaption><\/figure>\n\n\n\n<p>Segundo a BBC News Brasil apurou, existem 38 projetos financiados pela Alemanha que j\u00e1 est\u00e3o em andamento. Eles se dedicam a temas como biodiversidade e clima na Mata Atl\u00e2ntica, desenvolvimento de tecnologias e combust\u00edveis limpos, redu\u00e7\u00e3o em emiss\u00f5es de carbono em \u00e1reas urbanas, prote\u00e7\u00e3o de mananciais, entre outros.<\/p>\n\n\n\n<p>A partir de agora, a continuidade dos projetos j\u00e1 iniciados ser\u00e1 avaliada &#8220;caso a caso&#8221;.<\/p>\n\n\n\n<p>Questionado no domingo sobre o tema, o presidente Bolsonaro disse que o Brasil n\u00e3o precisa dos recursos. &#8220;Ela [Alemanha] n\u00e3o vai mais comprar a Amaz\u00f4nia, vai deixar de comprar a presta\u00e7\u00f5es a Amaz\u00f4nia. Pode fazer bom uso dessa grana. O Brasil n\u00e3o precisa disso&#8221;, afirmou.<\/p>\n\n\n\n<p>&#8220;Voc\u00ea acha que grandes pa\u00edses est\u00e3o interessados na imagem do Brasil ou em se apoderar do Brasil?&#8221;, prosseguiu Bolsonaro, dias depois da substitui\u00e7\u00e3o do presidente do Instituto Nacional de Pesquisas Espaciais (Inpe) pelo oficial da Aeron\u00e1utica Darcton Policarpo Dami\u00e3o.<\/p>\n\n\n\n<p>Ricardo Os\u00f3rio Galv\u00e3o, que dirigia o \u00f3rg\u00e3o, foi exonerado ap\u00f3s ser criticado pelo presidente por ter divulgado dados sobre desmatamento medidos pelo instituto.<\/p>\n\n\n\n<p>&#8220;Ele (Policarpo Dami\u00e3o) vai apresentar os n\u00fameros para mim, se forem alarmantes, antes de tomar a decis\u00e3o (de divulgar). At\u00e9 para eu me preparar para responder para voc\u00eas. Isso tem reflexo no mundo todo&#8221;, disse Bolsonaro no dia 7.<\/p>\n\n\n\n<p>S\u00f3 nos 9 estados amaz\u00f4nicos, as \u00e1reas sob alerta de desmatamento cresceram 278% na compara\u00e7\u00e3o entre julho de 2018 e julho de 2019, segundo o Inpe &#8211; um salto de 596,6 km\u00b2 para 2.254,9 km\u00b2.<\/p>\n\n\n\n<p>Estes alertas s\u00e3o repassados a fiscais do Ibama, que por sua vez tomam provid\u00eancias para comprovar e controlar o desmatamento.<\/p>\n\n\n\n<p>O porta-voz do pa\u00eds governado por Angela Merkel afirma que &#8220;\u00e9 bom que o governo brasileiro tenha repetidamente reiterado seu compromisso com o Acordo de Paris&#8221; &#8211; referindo-se ao acordo para redu\u00e7\u00e3o das mudan\u00e7as clim\u00e1ticas assinado em 2015.<\/p>\n\n\n\n<p>Mas isso n\u00e3o \u00e9 suficiente. &#8220;Mais importante que isso, \u00e9 necess\u00e1rio, no entanto, que o Brasil efetivamente cumpra os objetivos clim\u00e1ticos adotados pelo acordo&#8221;, diz o porta-voz do minist\u00e9rio alem\u00e3o.<\/p>\n\n\n\n<p>&#8220;\u00c9 precisamente este compromisso que se exige expressamente no texto do Acordo de Livre-com\u00e9rcio entre a Uni\u00e3o Europeia e o Mercosul. Do ponto de vista do minist\u00e9rio do meio ambiente da Alemanha, o cap\u00edtulo de sustentabilidade do Acordo de Livre Com\u00e9rcio \u00e9 um componente essencial.&#8221;<\/p>\n\n\n\n<p>Detalhes sobre as regras ligadas a sustentabilidade que dever\u00e3o ser cumpridas para que o acordo seja ratificado ainda n\u00e3o foram fechados pelos pa\u00edses europeus e sul-americanos.<\/p>\n\n\n\n<p>&#8220;Atualmente, h\u00e1 apenas vers\u00f5es preliminares. Assim que os textos finais estiverem dispon\u00edveis, verificaremos conclusivamente se os padr\u00f5es de prote\u00e7\u00e3o acertados tamb\u00e9m s\u00e3o atendidos de maneira clara&#8221;.<\/p>\n\n\n\n<p>&#8220;Novos incentivos para o desmatamento na Am\u00e9rica do Sul n\u00e3o devem existir&#8221;, continua a nota oficial, que informa que a posi\u00e7\u00e3o do governo da Alemanha j\u00e1 foi comunicada ao governo brasileiro.<\/p>\n\n\n\n<h2 class=\"wp-block-heading\">&#8216;Agroneg\u00f3cio se prejudica&#8217;<\/h2>\n\n\n\n<figure class=\"wp-block-image\"><img decoding=\"async\" src=\"https:\/\/ichef.bbci.co.uk\/news\/624\/cpsprodpb\/DA0B\/production\/_108291855_2aeb2f60-fa1b-4beb-bb5b-ad2e9218aca0.jpg\" alt=\"Ricardo Os\u00f3rio Galv\u00e3o\"\/><figcaption>Image captionRicardo Os\u00f3rio Galv\u00e3o, que dirigia o Inpe, deixou o instituto ap\u00f3s ser criticado pelo presidente por ter divulgado dados negativos sobre o desmatamento<\/figcaption><\/figure>\n\n\n\n<p>O governo alem\u00e3o tamb\u00e9m mandou um recado para o agroneg\u00f3cio brasileiro &#8211; parte importante da base que ajudou a eleger Bolsonaro.<\/p>\n\n\n\n<p>&#8220;O aumento no desmatamento n\u00e3o \u00e9 um problema apenas para o clima global. A agricultura brasileira tamb\u00e9m se prejudica, porque o corte de \u00e1rvores tamb\u00e9m destr\u00f3i a biodiversidade, os recursos naturais e a abund\u00e2ncia de \u00e1gua&#8221;, diz a nota enviada \u00e0 BBC News Brasil.<\/p>\n\n\n\n<p>Nos \u00faltimos 11 anos, o governo alem\u00e3o doou cerca de US$ 100 milh\u00f5es (ou R$ 380 milh\u00f5es) para o Fundo Amaz\u00f4nia. A principal respons\u00e1vel pelo financiamento \u00e9 a Noruega, que doou cerca de US$ 1,2 bilh\u00e3o (ou R$ 4,6 bilh\u00f5es, em valores corrigidos) para o fundo.<\/p>\n\n\n\n<p>As doa\u00e7\u00f5es s\u00e3o condicionadas, entre outros fatores, ao controle das taxas de desmatamento na floresta. Quanto menores, mais verbas s\u00e3o doadas pelos pa\u00edses-membros.<\/p>\n\n\n\n<p>Hoje, os recursos s\u00e3o aplicados em 103 projetos ligados \u00e0 prote\u00e7\u00e3o ambiental nos Estados amaz\u00f4nicos, como a\u00e7\u00f5es envolvendo tribos ind\u00edgenas e programas contra queimadas.<\/p>\n\n\n\n<p>Em junho, o ministro do Clima e Meio Ambiente da Noruega, Ola Elvestuen, afirmou em nota enviada \u00e0 BBC News Brasil que o Brasil n\u00e3o pode fazer &#8220;mudan\u00e7as na estrutura do Fundo Amaz\u00f4nia sem o consentimento&#8221; do governo noruegu\u00eas.<\/p>\n\n\n\n<p>A autoridade do pa\u00eds europeu admitiu que o encerramento do fundo \u00e9 uma possibilidade real, mas disse que o objetivo do pa\u00eds \u00e9 continuar a parceria com o Brasil.<\/p>\n\n\n\n<p>O governo alem\u00e3o tamb\u00e9m comentou o tema. &#8220;Do ponto de vista do Minist\u00e9rio Federal do Meio Ambiente, a participa\u00e7\u00e3o da Alemanha no Fundo Amaz\u00f4nia tamb\u00e9m deve ser revista. Al\u00e9m da Alemanha, a Noruega e a petroleira brasileira Petrobras tamb\u00e9m est\u00e3o pagando recursos substanciais que o Fundo consegue investir em medidas para reduzir as taxas de desmatamento.&#8221;<\/p>\n\n\n\n<p>&#8220;Uma decis\u00e3o sobre como proceder em rela\u00e7\u00e3o ao Fundo Amaz\u00f4nia dever\u00e1 ser coordenada com os outros doadores do ponto de vista do minist\u00e9rio. N\u00f3s j\u00e1 estamos falando sobre isso&#8221;, afirmou o porta-voz.<\/p>\n\n\n\n<p>BBC<\/p>\n","protected":false},"excerpt":{"rendered":"<p>O Minist\u00e9rio do Meio Ambiente da Alemanha confirmou nesta segunda-feira (12) que decidiu congelar investimentos de at\u00e9 35 milh\u00f5es de euros (ou R$ 156 milh\u00f5es) em projetos de preserva\u00e7\u00e3o ambiental no Brasil. Em novo epis\u00f3dio da sequ\u00eancia de atritos entre pa\u00edses europeus e o Brasil sobre a prote\u00e7\u00e3o de ecossistemas, a pasta tamb\u00e9m colocou em [&hellip;]<\/p>\n","protected":false},"author":2,"featured_media":17060,"comment_status":"open","ping_status":"open","sticky":false,"template":"","format":"standard","meta":{"advanced_seo_description":"","jetpack_seo_html_title":"","jetpack_seo_noindex":false,"_jetpack_memberships_contains_paid_content":false,"footnotes":""},"categories":[32],"tags":[],"class_list":{"0":"post-17059","1":"post","2":"type-post","3":"status-publish","4":"format-standard","5":"has-post-thumbnail","7":"category-politica"},"jetpack_featured_media_url":"https:\/\/www.paranapraia.com.br\/wp-content\/uploads\/2019\/08\/bolsolixo.jpg","jetpack_sharing_enabled":true,"_links":{"self":[{"href":"https:\/\/www.paranapraia.com.br\/index.php\/wp-json\/wp\/v2\/posts\/17059"}],"collection":[{"href":"https:\/\/www.paranapraia.com.br\/index.php\/wp-json\/wp\/v2\/posts"}],"about":[{"href":"https:\/\/www.paranapraia.com.br\/index.php\/wp-json\/wp\/v2\/types\/post"}],"author":[{"embeddable":true,"href":"https:\/\/www.paranapraia.com.br\/index.php\/wp-json\/wp\/v2\/users\/2"}],"replies":[{"embeddable":true,"href":"https:\/\/www.paranapraia.com.br\/index.php\/wp-json\/wp\/v2\/comments?post=17059"}],"version-history":[{"count":1,"href":"https:\/\/www.paranapraia.com.br\/index.php\/wp-json\/wp\/v2\/posts\/17059\/revisions"}],"predecessor-version":[{"id":17061,"href":"https:\/\/www.paranapraia.com.br\/index.php\/wp-json\/wp\/v2\/posts\/17059\/revisions\/17061"}],"wp:featuredmedia":[{"embeddable":true,"href":"https:\/\/www.paranapraia.com.br\/index.php\/wp-json\/wp\/v2\/media\/17060"}],"wp:attachment":[{"href":"https:\/\/www.paranapraia.com.br\/index.php\/wp-json\/wp\/v2\/media?parent=17059"}],"wp:term":[{"taxonomy":"category","embeddable":true,"href":"https:\/\/www.paranapraia.com.br\/index.php\/wp-json\/wp\/v2\/categories?post=17059"},{"taxonomy":"post_tag","embeddable":true,"href":"https:\/\/www.paranapraia.com.br\/index.php\/wp-json\/wp\/v2\/tags?post=17059"}],"curies":[{"name":"wp","href":"https:\/\/api.w.org\/{rel}","templated":true}]}}