{"id":17056,"date":"2019-08-13T11:41:43","date_gmt":"2019-08-13T14:41:43","guid":{"rendered":"https:\/\/www.paranapraia.com.br\/?p=17056"},"modified":"2019-08-13T11:41:44","modified_gmt":"2019-08-13T14:41:44","slug":"mobile-decor-faz-promocao-imperdivel-em-toda-a-loja-com-preco-a-vista-em-ate-10x","status":"publish","type":"post","link":"https:\/\/www.paranapraia.com.br\/index.php\/2019\/08\/13\/mobile-decor-faz-promocao-imperdivel-em-toda-a-loja-com-preco-a-vista-em-ate-10x\/","title":{"rendered":"M\u00f3bile Decor faz promo\u00e7\u00e3o imperd\u00edvel em toda a loja com pre\u00e7o \u00e0 vista em at\u00e9 10x"},"content":{"rendered":"\n<h4 class=\"wp-block-heading\">\u00c9 a oportunidade ideal para quem est\u00e1 mobiliando a casa ou quer dar uma cara nova para a cozinha ou sala<\/h4>\n\n\n\n<p>A M\u00f3bile Decor, loja de m\u00f3veis e decora\u00e7\u00f5es em Umuarama, preparou no m\u00eas agosto uma sele\u00e7\u00e3o de ofertas especiais em alus\u00e3o ao m\u00eas dos pais.<\/p>\n\n\n\n<figure class=\"wp-block-image\"><a href=\"https:\/\/s3.amazonaws.com\/umuarama.portaldacidade.com\/img\/news\/editor\/editor-5d51b41cf4136.jpeg\"><img decoding=\"async\" src=\"https:\/\/static.portaldacidade.com\/unsafe\/842x0\/https:\/\/s3.amazonaws.com\/umuarama.portaldacidade.com\/img\/news\/editor\/editor-5d51b41cf4136.jpeg\" alt=\"\"\/><\/a><\/figure>\n\n\n\n<p>H\u00e1 op\u00e7\u00f5es em conjuntos de mesas e cadeiras, estofados, poltronas, tudo com tamanhos variados e modelos que seguem as \u00faltimas tend\u00eancias da decora\u00e7\u00e3o, todos com pre\u00e7os imbat\u00edveis.<\/p>\n\n\n\n<figure class=\"wp-block-image\"><a href=\"https:\/\/s3.amazonaws.com\/umuarama.portaldacidade.com\/img\/news\/editor\/editor-5d51b3f1b9c58.jpeg\"><img decoding=\"async\" src=\"https:\/\/static.portaldacidade.com\/unsafe\/842x0\/https:\/\/s3.amazonaws.com\/umuarama.portaldacidade.com\/img\/news\/editor\/editor-5d51b3f1b9c58.jpeg\" alt=\"\"\/><\/a><\/figure>\n\n\n\n<p>O pagamento pode ser parcelado em at\u00e9 10 vezes sem juros e a loja ainda cobre qualquer oferta da concorr\u00eancia (mesmo produto).&nbsp;<br><\/p>\n\n\n\n<p><a href=\"https:\/\/api.whatsapp.com\/send?phone=5544991056051&amp;text=Ol%C3%A1%2C%20vi%20a%20mat%C3%A9ria%20no%20Portal%20da%20Cidade%20e%20Gostaria%20de%20saber%20mais%20sobre%20os%20produtos\" target=\"_blank\" rel=\"noreferrer noopener\"><strong>Entre em contato agora via WhatsApp e pe\u00e7a um or\u00e7amento<\/strong><\/a><\/p>\n\n\n\n<figure class=\"wp-block-image\"><a href=\"https:\/\/s3.amazonaws.com\/umuarama.portaldacidade.com\/img\/news\/editor\/editor-5d51b40a4a58f.jpeg\"><img decoding=\"async\" src=\"https:\/\/static.portaldacidade.com\/unsafe\/842x0\/https:\/\/s3.amazonaws.com\/umuarama.portaldacidade.com\/img\/news\/editor\/editor-5d51b40a4a58f.jpeg\" alt=\"\"\/><\/a><\/figure>\n\n\n\n<p>Al\u00e9m dos estofados em promo\u00e7\u00e3o, a M\u00f3bile Decor possui m\u00f3veis em madeira como mesas, guarda-roupas, pain\u00e9is, penteadeiras, entre outros.<\/p>\n\n\n\n<figure class=\"wp-block-image\"><a href=\"https:\/\/s3.amazonaws.com\/umuarama.portaldacidade.com\/img\/news\/editor\/editor-5d51d45f6fa72.jpeg\"><img decoding=\"async\" src=\"https:\/\/static.portaldacidade.com\/unsafe\/842x0\/https:\/\/s3.amazonaws.com\/umuarama.portaldacidade.com\/img\/news\/editor\/editor-5d51d45f6fa72.jpeg\" alt=\"\"\/><\/a><\/figure>\n\n\n\n<p>A loja tamb\u00e9m trabalha com m\u00f3veis e modulados feitos sob medida. Entre em contato e fa\u00e7a um or\u00e7amento.<\/p>\n\n\n\n<p><strong>M\u00f3bile Decor&nbsp;<\/strong><br><\/p>\n\n\n\n<p>Avenida Paran\u00e1, 5300\u00a0<br>3056 0601 \/ 44 9105-6051\u00a0 \u00a0<\/p>\n\n\n\n<p>Portal da Cidade<\/p>\n","protected":false},"excerpt":{"rendered":"<p>\u00c9 a oportunidade ideal para quem est\u00e1 mobiliando a casa ou quer dar uma cara nova para a cozinha ou sala A M\u00f3bile Decor, loja de m\u00f3veis e decora\u00e7\u00f5es em Umuarama, preparou no m\u00eas agosto uma sele\u00e7\u00e3o de ofertas especiais em alus\u00e3o ao m\u00eas dos pais. H\u00e1 op\u00e7\u00f5es em conjuntos de mesas e cadeiras, estofados, [&hellip;]<\/p>\n","protected":false},"author":2,"featured_media":17057,"comment_status":"open","ping_status":"open","sticky":false,"template":"","format":"standard","meta":{"advanced_seo_description":"","jetpack_seo_html_title":"","jetpack_seo_noindex":false,"_jetpack_memberships_contains_paid_content":false,"footnotes":""},"categories":[42],"tags":[],"class_list":{"0":"post-17056","1":"post","2":"type-post","3":"status-publish","4":"format-standard","5":"has-post-thumbnail","7":"category-cidades"},"jetpack_featured_media_url":"https:\/\/www.paranapraia.com.br\/wp-content\/uploads\/2019\/08\/sof\u00e1.jpeg","jetpack_sharing_enabled":true,"_links":{"self":[{"href":"https:\/\/www.paranapraia.com.br\/index.php\/wp-json\/wp\/v2\/posts\/17056"}],"collection":[{"href":"https:\/\/www.paranapraia.com.br\/index.php\/wp-json\/wp\/v2\/posts"}],"about":[{"href":"https:\/\/www.paranapraia.com.br\/index.php\/wp-json\/wp\/v2\/types\/post"}],"author":[{"embeddable":true,"href":"https:\/\/www.paranapraia.com.br\/index.php\/wp-json\/wp\/v2\/users\/2"}],"replies":[{"embeddable":true,"href":"https:\/\/www.paranapraia.com.br\/index.php\/wp-json\/wp\/v2\/comments?post=17056"}],"version-history":[{"count":1,"href":"https:\/\/www.paranapraia.com.br\/index.php\/wp-json\/wp\/v2\/posts\/17056\/revisions"}],"predecessor-version":[{"id":17058,"href":"https:\/\/www.paranapraia.com.br\/index.php\/wp-json\/wp\/v2\/posts\/17056\/revisions\/17058"}],"wp:featuredmedia":[{"embeddable":true,"href":"https:\/\/www.paranapraia.com.br\/index.php\/wp-json\/wp\/v2\/media\/17057"}],"wp:attachment":[{"href":"https:\/\/www.paranapraia.com.br\/index.php\/wp-json\/wp\/v2\/media?parent=17056"}],"wp:term":[{"taxonomy":"category","embeddable":true,"href":"https:\/\/www.paranapraia.com.br\/index.php\/wp-json\/wp\/v2\/categories?post=17056"},{"taxonomy":"post_tag","embeddable":true,"href":"https:\/\/www.paranapraia.com.br\/index.php\/wp-json\/wp\/v2\/tags?post=17056"}],"curies":[{"name":"wp","href":"https:\/\/api.w.org\/{rel}","templated":true}]}}