{"id":17025,"date":"2019-08-13T10:53:50","date_gmt":"2019-08-13T13:53:50","guid":{"rendered":"https:\/\/www.paranapraia.com.br\/?p=17025"},"modified":"2019-08-13T10:53:52","modified_gmt":"2019-08-13T13:53:52","slug":"preso-o-terceiro-suspeito-de-atentado-no-bom-retiro-que-estava-jurado-de-morte","status":"publish","type":"post","link":"https:\/\/www.paranapraia.com.br\/index.php\/2019\/08\/13\/preso-o-terceiro-suspeito-de-atentado-no-bom-retiro-que-estava-jurado-de-morte\/","title":{"rendered":"Preso o terceiro suspeito de atentado no Bom Retiro que estava jurado de morte"},"content":{"rendered":"\n<h4 class=\"wp-block-heading\">Matheus Raian Ferreira Costa, de 14 anos,&nbsp; morreu na emboscada e o pai se recuperou<\/h4>\n\n\n\n<p> Policiais da Divis\u00e3o de Homic\u00eddios e Prote\u00e7\u00e3o \u00e0 Pessoa (DHPP) apresentaram nesta ter\u00e7a-feira (13), o terceiro e \u00faltimo suspeito de participa\u00e7\u00e3o no atentado a pai e filho\u00a0no dia 21 de janeiro, no bairro<strong>\u00a0Bom Retiro,<\/strong>\u00a0em Curitiba. Alexandre Dutra Lima, de 26 anos, estava foragido e foi preso em Almirante Tamandar\u00e9, na Regi\u00e3o Metropolitana de Curitiba, ap\u00f3s uma den\u00fancia an\u00f4nima. Ele assumiu ter sido um dos contratados para matar\u00a0<strong>Jos\u00e9 Juliano Costa, de 35 anos. O filho de Jos\u00e9, Matheus Raian Ferreira Costa, de\u00a0<\/strong>14 anos,\u00a0 morreu na emboscada e o pai se recuperou. <\/p>\n\n\n\n<p>De acordo com a pol\u00edcia, o crime foi cometido a mando do comerciante Elizandro Zampieri, 40 anos,&nbsp; que foi preso e agora responde em liberdade, com tornozeleira eletr\u00f4nica. O outro suspeito, Igor Cristiano da Silva, 25 anos, segue preso. Ele teria sido contratado por Elizandro e chamado o amigo Alexandre para cometer o crime.<\/p>\n\n\n\n<p>De acordo com a delegada Thatiana Guzella, da DHPP, Lima chegou a sofrer uma tentado ap\u00f3s oc rime, possivelmente numa tentativa de queima de arquivo. \u201cO Igor tinha amea\u00e7ado o Alexandre de morte e logo depois um homem num Siena preto desceu do carro e atirou contra Alexandre. Ele se jogou numa ribanceira, foi baleado na perna e conseguiu escapar. Ele foi preso agora e assumiu que participou da emboscada contra pai e filho. Todos os tr\u00eas autores est\u00e3o indiciados e denunciados \u00e0 disposi\u00e7\u00e3o da justi\u00e7a\u201d, afirmou.<\/p>\n\n\n\n<p>Alexandre n\u00e3o tem passagens pela pol\u00edcia e assumiu que foi o atirador que matou Mateus e feriu o pai Jos\u00e9.<\/p>\n\n\n\n<h1 class=\"wp-block-heading\">Motiva\u00e7\u00e3o<\/h1>\n\n\n\n<p>Segundo as investiga\u00e7\u00f5es, Elizandro, que \u00e9 dono de uma borracharia, uma autope\u00e7as e uma distribuidora de g\u00e1s, no Pilarzinho, devia uma grande quantia de dinheiro para Jos\u00e9, que atua como agiota, e estaria sendo amea\u00e7ado de morte. \u201cN\u00e3o sabemos exatamente a quantia devida, mas existia a d\u00edvida. Em depoimento, Elizandro confirma que esteve no carro de Jos\u00e9 momentos antes do crime, confirma que devia dinheiro a ele, mas n\u00e3o assume ter mandado os suspeitos cometerem o crime, mas temos provas suficientes de que ele \u00e9 o mandante\u201d, disse a delegada na ocasi\u00e3o da pris\u00e3o de Elizandro em fevereiro.<\/p>\n\n\n\n<h2 class=\"wp-block-heading\">O crime<\/h2>\n\n\n\n<p>O crime aconteceu por volta das 11 horas do dia 21 de janeiro, na Rua&nbsp;Desembargador Hugo Simas, no bairro Bom Retiro, em Curitiba.&nbsp; Pai e filho estavam em um Vectra quando os assassinos chegaram em um Chevette branco, se aproximaram e atiraram. Testemunhas disseram que ouviram pelo menos 10 disparos no local.<br><\/p>\n\n\n\n<p>BandaB<\/p>\n","protected":false},"excerpt":{"rendered":"<p>Matheus Raian Ferreira Costa, de 14 anos,&nbsp; morreu na emboscada e o pai se recuperou Policiais da Divis\u00e3o de Homic\u00eddios e Prote\u00e7\u00e3o \u00e0 Pessoa (DHPP) apresentaram nesta ter\u00e7a-feira (13), o terceiro e \u00faltimo suspeito de participa\u00e7\u00e3o no atentado a pai e filho\u00a0no dia 21 de janeiro, no bairro\u00a0Bom Retiro,\u00a0em Curitiba. Alexandre Dutra Lima, de 26 [&hellip;]<\/p>\n","protected":false},"author":2,"featured_media":17026,"comment_status":"open","ping_status":"open","sticky":false,"template":"","format":"standard","meta":{"advanced_seo_description":"","jetpack_seo_html_title":"","jetpack_seo_noindex":false,"_jetpack_memberships_contains_paid_content":false,"footnotes":""},"categories":[33],"tags":[],"class_list":{"0":"post-17025","1":"post","2":"type-post","3":"status-publish","4":"format-standard","5":"has-post-thumbnail","7":"category-policia"},"jetpack_featured_media_url":"https:\/\/www.paranapraia.com.br\/wp-content\/uploads\/2019\/08\/64311.jpg","jetpack_sharing_enabled":true,"_links":{"self":[{"href":"https:\/\/www.paranapraia.com.br\/index.php\/wp-json\/wp\/v2\/posts\/17025"}],"collection":[{"href":"https:\/\/www.paranapraia.com.br\/index.php\/wp-json\/wp\/v2\/posts"}],"about":[{"href":"https:\/\/www.paranapraia.com.br\/index.php\/wp-json\/wp\/v2\/types\/post"}],"author":[{"embeddable":true,"href":"https:\/\/www.paranapraia.com.br\/index.php\/wp-json\/wp\/v2\/users\/2"}],"replies":[{"embeddable":true,"href":"https:\/\/www.paranapraia.com.br\/index.php\/wp-json\/wp\/v2\/comments?post=17025"}],"version-history":[{"count":1,"href":"https:\/\/www.paranapraia.com.br\/index.php\/wp-json\/wp\/v2\/posts\/17025\/revisions"}],"predecessor-version":[{"id":17027,"href":"https:\/\/www.paranapraia.com.br\/index.php\/wp-json\/wp\/v2\/posts\/17025\/revisions\/17027"}],"wp:featuredmedia":[{"embeddable":true,"href":"https:\/\/www.paranapraia.com.br\/index.php\/wp-json\/wp\/v2\/media\/17026"}],"wp:attachment":[{"href":"https:\/\/www.paranapraia.com.br\/index.php\/wp-json\/wp\/v2\/media?parent=17025"}],"wp:term":[{"taxonomy":"category","embeddable":true,"href":"https:\/\/www.paranapraia.com.br\/index.php\/wp-json\/wp\/v2\/categories?post=17025"},{"taxonomy":"post_tag","embeddable":true,"href":"https:\/\/www.paranapraia.com.br\/index.php\/wp-json\/wp\/v2\/tags?post=17025"}],"curies":[{"name":"wp","href":"https:\/\/api.w.org\/{rel}","templated":true}]}}