{"id":17014,"date":"2019-08-13T10:09:54","date_gmt":"2019-08-13T13:09:54","guid":{"rendered":"https:\/\/www.paranapraia.com.br\/?p=17014"},"modified":"2019-08-13T10:09:55","modified_gmt":"2019-08-13T13:09:55","slug":"ministra-damares-alves-recebe-o-titulo-de-cidada-benemerita-do-parana","status":"publish","type":"post","link":"https:\/\/www.paranapraia.com.br\/index.php\/2019\/08\/13\/ministra-damares-alves-recebe-o-titulo-de-cidada-benemerita-do-parana\/","title":{"rendered":"Ministra Damares Alves recebe o t\u00edtulo de Cidad\u00e3 Benem\u00e9rita do Paran\u00e1"},"content":{"rendered":"\n<p>\u201cTenho recebido muitas homenagens, mas receber um t\u00edtulo no meu estado, vindo da&nbsp;<a href=\"javascript:void(0)\">Assembleia Legislativa<\/a>, devo dizer que \u00e9 muito mais importante e atribuo essa homenagem ao trabalho que tenho feito \u00e0 frente do Minist\u00e9rio\u201d. &nbsp;Foi com essas palavras que a ministra da Mulher, da Fam\u00edlia e dos Direitos Humanos, Damares Regina Alves, agradeceu o t\u00edtulo de Cidad\u00e3 Benem\u00e9rita do Paran\u00e1, que recebeu na Assembleia Legislativa do Paran\u00e1 (Alep), nesta segunda-feira (12).&nbsp; A proposta da homenagem foi do deputado Delegado Francischini (PSL). \u201cO Brasil \u00e9 uma nova na\u00e7\u00e3o. \u00c9 o pa\u00eds da inclus\u00e3o. E o nosso Governo \u00e9 incomum formado por pessoas comuns. Por isso, o meu recado \u00e9: h\u00e1 esperan\u00e7a para esta na\u00e7\u00e3o. A garantia dos direitos humanos para todos \u00e9 a nossa meta\u201d, afirmou no discurso a mais nova cidad\u00e3 do Paran\u00e1.<\/p>\n\n\n\n<p>Damares Alves, que \u00e9 de Paranagu\u00e1, no litoral do estado, se mudou bem cedo para o Nordeste, mas disse, ao longo da cerim\u00f4nia no Plen\u00e1rio da Assembleia Legislativa, que \u201cO Paran\u00e1 \u00e9 o melhor estado do Brasil\u201d. A homenageada \u00e9 formada em Direito e Pedagogia. Nas d\u00e9cadas de 1980 e 1990, teve atua\u00e7\u00e3o relevante na prote\u00e7\u00e3o de crian\u00e7as em situa\u00e7\u00e3o de rua e na defesa das mulheres de pescadores e trabalhadoras do campo. Em 1999, passou \u00e0 fun\u00e7\u00e3o de assessora parlamentar na C\u00e2mara dos Deputados onde realizou trabalhos de combate \u00e0 pedofilia, de prote\u00e7\u00e3o \u00e0 inf\u00e2ncia e em favor das crian\u00e7as com defici\u00eancia v\u00edtimas do infantic\u00eddio ind\u00edgena. \u201cAtuar em direitos humanos significa proteger crian\u00e7as, idosos e adolescentes. Enquanto milh\u00f5es de crian\u00e7as e milh\u00f5es de mulheres s\u00e3o v\u00edtimas de pedofilia hoje no Brasil, como eu sofri no passado, as pessoas brincam com a minha f\u00e9. Mas o que eu pretendo \u00e9 \u201ctirar crian\u00e7as do p\u00e9 de goiaba\u201d, uma alus\u00e3o aos 30 casos\/dia de crian\u00e7as assassinadas no pa\u00eds e em refer\u00eancia \u00e0 experi\u00eancia espiritual que alega ter vivenciado. \u201cChamem como quiser. Eu chamo de f\u00e9 \u201c, disse.<\/p>\n\n\n\n<p>Ao rebater cr\u00edticas \u00e0s mudan\u00e7as de integrantes na Comiss\u00e3o de Anistia, criada em 2002 para reparar direitos das v\u00edtimas da ditadura, e transferida pelo presidente Jair Bolsonaro (PSL) para o Minist\u00e9rio da Mulher e dos Direitos Humanos, sob o comando dela, Damares Alves ressaltou que adotou a medida porque tem pressa em dar uma resposta \u00e0s fam\u00edlias das v\u00edtimas. \u201cDeixaram requerimentos de indeniza\u00e7\u00e3o de anistia desde o ano de 2001. Sete mil ao todo. &nbsp;E eu \u00e9 que sou chamada de \u201clouca\u201d?, rebateu.<\/p>\n\n\n\n<p>O presidente da Assembleia, deputado Ademar Traiano (PSDB), destacou que \u00e9 uma honra para o Paran\u00e1 e para a Casa de leis entregar o t\u00edtulo de Cidad\u00e3 Benem\u00e9rita a Damares Alves. \u201cSinto orgulho de ter uma paranaense em um dos cargos mais importantes do pa\u00eds, conduzindo o Minist\u00e9rio com equil\u00edbrio e sabedoria\u201d, declarou.<\/p>\n\n\n\n<p>Delegado Francischini agradeceu pelo trabalho de duas d\u00e9cadas que Damares realizou em prol de mulheres e crian\u00e7as em situa\u00e7\u00e3o de vulnerabilidade social e pela atua\u00e7\u00e3o da ministra nas a\u00e7\u00f5es em benef\u00edcio do estado do Paran\u00e1. \u201cO trabalho dessa parnanguara est\u00e1 tornando vis\u00edveis crian\u00e7as, adolescentes, pessoas com defici\u00eancia e idosos, que at\u00e9 agora eram invis\u00edveis. Por isso, ser cidad\u00e3 benem\u00e9rita do Paran\u00e1 \u00e9 mais que um t\u00edtulo. \u00c9 um reconhecimento&nbsp; do cidad\u00e3o paranaense ao trabalho que ela tem feito &nbsp;pela popula\u00e7\u00e3o\u201d, disse. \u201cQuero estar junto com vossa excel\u00eancia em todos os p\u00e9s de goiabeira que a senhora subir, porque eu tamb\u00e9m quero ver Jesus na minha vida\u201d, afirmou na&nbsp;<a href=\"javascript:void(0)\">tribuna<\/a>&nbsp;da Assembleia.<\/p>\n\n\n\n<p><strong>Presen\u00e7as:\u00a0<\/strong>Al\u00e9m dos deputados estaduais, e outras autoridades e pessoas da sociedade civil e entidades de classe, \u00a0prestigiaram a sess\u00e3o solene de entrega do T\u00edtulo de Cidadania Benem\u00e9rita a Damares Alves, o desembargador Luiz C\u00e9sar Ncolau, que representou o presidente do Tribunal de Justi\u00e7a do Paran\u00e1,\u00a0 Adalberto Jorge Xisto Pereira; \u00a0Petr\u00facia de Melo Andrade, secret\u00e1ria Nacional dos Direitos da Crian\u00e7a e do Adolescente; Sandra Terena, secret\u00e1ria nacional de Pol\u00edticas de promo\u00e7\u00e3o da Igualdade Racial; Leonice Boldstein, desembargadora especializada em Combate \u00e0 Viol\u00eancia Contra a Mulher; Maria Aparecida Mello Da Silva Losso, 1\u00aa promotora do Enfrentamento \u00e0 Viol\u00eancia Dom\u00e9stica e Familiar Contra a Mulher de Curitiba; Carlise Kwiatkowski, presidente do Provopar Estadual; \u00a0desembargador , Ant\u00f4nio Costa, secret\u00e1rio nacional de Promo\u00e7\u00e3o e Defesa dos Direitos da Pessoa Idosa, Fernando C\u00e9sar Ferreira Pereira, ouvidor nacional de Direitos Humanos. E os deputados federais Felipe Barros (PSL\/PR), Felipe Francischini (PSL\/PR), Diego Garcia (PODE\/PR) e Aline Sleutjes (PSL\/PR).<\/p>\n\n\n\n<p>Alep<\/p>\n","protected":false},"excerpt":{"rendered":"<p>\u201cTenho recebido muitas homenagens, mas receber um t\u00edtulo no meu estado, vindo da&nbsp;Assembleia Legislativa, devo dizer que \u00e9 muito mais importante e atribuo essa homenagem ao trabalho que tenho feito \u00e0 frente do Minist\u00e9rio\u201d. &nbsp;Foi com essas palavras que a ministra da Mulher, da Fam\u00edlia e dos Direitos Humanos, Damares Regina Alves, agradeceu o t\u00edtulo [&hellip;]<\/p>\n","protected":false},"author":2,"featured_media":17015,"comment_status":"open","ping_status":"open","sticky":false,"template":"","format":"standard","meta":{"advanced_seo_description":"","jetpack_seo_html_title":"","jetpack_seo_noindex":false,"_jetpack_memberships_contains_paid_content":false,"footnotes":""},"categories":[1],"tags":[],"class_list":{"0":"post-17014","1":"post","2":"type-post","3":"status-publish","4":"format-standard","5":"has-post-thumbnail","7":"category-sem-categoria"},"jetpack_featured_media_url":"https:\/\/www.paranapraia.com.br\/wp-content\/uploads\/2019\/08\/45.jpg","jetpack_sharing_enabled":true,"_links":{"self":[{"href":"https:\/\/www.paranapraia.com.br\/index.php\/wp-json\/wp\/v2\/posts\/17014"}],"collection":[{"href":"https:\/\/www.paranapraia.com.br\/index.php\/wp-json\/wp\/v2\/posts"}],"about":[{"href":"https:\/\/www.paranapraia.com.br\/index.php\/wp-json\/wp\/v2\/types\/post"}],"author":[{"embeddable":true,"href":"https:\/\/www.paranapraia.com.br\/index.php\/wp-json\/wp\/v2\/users\/2"}],"replies":[{"embeddable":true,"href":"https:\/\/www.paranapraia.com.br\/index.php\/wp-json\/wp\/v2\/comments?post=17014"}],"version-history":[{"count":1,"href":"https:\/\/www.paranapraia.com.br\/index.php\/wp-json\/wp\/v2\/posts\/17014\/revisions"}],"predecessor-version":[{"id":17016,"href":"https:\/\/www.paranapraia.com.br\/index.php\/wp-json\/wp\/v2\/posts\/17014\/revisions\/17016"}],"wp:featuredmedia":[{"embeddable":true,"href":"https:\/\/www.paranapraia.com.br\/index.php\/wp-json\/wp\/v2\/media\/17015"}],"wp:attachment":[{"href":"https:\/\/www.paranapraia.com.br\/index.php\/wp-json\/wp\/v2\/media?parent=17014"}],"wp:term":[{"taxonomy":"category","embeddable":true,"href":"https:\/\/www.paranapraia.com.br\/index.php\/wp-json\/wp\/v2\/categories?post=17014"},{"taxonomy":"post_tag","embeddable":true,"href":"https:\/\/www.paranapraia.com.br\/index.php\/wp-json\/wp\/v2\/tags?post=17014"}],"curies":[{"name":"wp","href":"https:\/\/api.w.org\/{rel}","templated":true}]}}