{"id":17002,"date":"2019-08-13T09:32:56","date_gmt":"2019-08-13T12:32:56","guid":{"rendered":"https:\/\/www.paranapraia.com.br\/?p=17002"},"modified":"2019-08-13T09:32:56","modified_gmt":"2019-08-13T12:32:56","slug":"rede-municipal-de-ensino-de-pinhais-lanca-chamada-escolar-publica","status":"publish","type":"post","link":"https:\/\/www.paranapraia.com.br\/index.php\/2019\/08\/13\/rede-municipal-de-ensino-de-pinhais-lanca-chamada-escolar-publica\/","title":{"rendered":"Rede Municipal de Ensino de Pinhais lan\u00e7a chamada escolar p\u00fablica"},"content":{"rendered":"\n<h4 class=\"wp-block-heading\">O cadastramento pode ser efetuado nas unidades de ensino ou na central de vagas da Secretaria de Educa\u00e7\u00e3o conforme cronograma de atendimento<\/h4>\n\n\n\n<p>O conv\u00eanio entre a empresa Expresso Azul, a Prefeitura de Pinhais e o Governo do Estado, via Coordena\u00e7\u00e3o da Regi\u00e3o Metropolitana de Curitiba (Comec), entregou para a popula\u00e7\u00e3o 12 novos \u00f4nibus que ir\u00e3o operar a Linha 304 (Pinhais\/Campo Comprido). Os \u00f4nibus Modelo O500, Mercedes Bens, podem ser utilizados tanto na linha Ligeirinho como nas linhas convencionais.<\/p>\n\n\n\n<p>Os ve\u00edculos s\u00e3o equipados com todos os itens de acessibilidade e de seguran\u00e7a \u2013 como rampa, espa\u00e7o para cadeirantes e pinturas especiais, al\u00e9m de possu\u00edrem c\u00e2meras de monitoramento. Este investimento de moderniza\u00e7\u00e3o e renova\u00e7\u00e3o da frota de \u00f4nibus de Pinhais foi de R$ 6,3 milh\u00f5es, com valor unit\u00e1rio por \u00f4nibus de R$ 525 mil.<\/p>\n\n\n\n<p>E para oficializarem a entrega dos novos \u00f4nibus estiveram na tarde dessa segunda-feira (12), no Terminal de Pinhais, a prefeita de Pinhais, Marli Paulino, junto com a vice-prefeita, Rosa Maria, o deputado federal, Luiz\u00e3o Goulart, a gerente administrativa da empresa Expresso Azul, Liana Milani Zem Budel e Nicolau Ernesto Jubanski, gerente de transporte da Expresso Azul, junto com os vereadores Marcinho (presidente da C\u00e2mara), Jane Carteira, Arnaldo do Vizinho Solid\u00e1rio e Cec\u00edlia Padovan da Sa\u00fade.<\/p>\n\n\n\n<p>A prefeita Marli Paulino aproveitou para destacar a integra\u00e7\u00e3o desses novos \u00f4nibus na frota de Pinhais. \u201cFicamos muito felizes com esta renova\u00e7\u00e3o da nossa frota, dando mais conforto e seguran\u00e7a para os usu\u00e1rios, sobretudo para as mulheres, pois estes \u00f4nibus contam com c\u00e2meras de monitoramento\u201d.<\/p>\n\n\n\n<p>BandaB<\/p>\n\n\n\n<p><br><br><\/p>\n","protected":false},"excerpt":{"rendered":"<p>O cadastramento pode ser efetuado nas unidades de ensino ou na central de vagas da Secretaria de Educa\u00e7\u00e3o conforme cronograma de atendimento O conv\u00eanio entre a empresa Expresso Azul, a Prefeitura de Pinhais e o Governo do Estado, via Coordena\u00e7\u00e3o da Regi\u00e3o Metropolitana de Curitiba (Comec), entregou para a popula\u00e7\u00e3o 12 novos \u00f4nibus que ir\u00e3o [&hellip;]<\/p>\n","protected":false},"author":2,"featured_media":17003,"comment_status":"open","ping_status":"open","sticky":false,"template":"","format":"standard","meta":{"advanced_seo_description":"","jetpack_seo_html_title":"","jetpack_seo_noindex":false,"_jetpack_memberships_contains_paid_content":false,"footnotes":""},"categories":[42],"tags":[],"class_list":{"0":"post-17002","1":"post","2":"type-post","3":"status-publish","4":"format-standard","5":"has-post-thumbnail","7":"category-cidades"},"jetpack_featured_media_url":"https:\/\/www.paranapraia.com.br\/wp-content\/uploads\/2019\/08\/carri.jpg","jetpack_sharing_enabled":true,"_links":{"self":[{"href":"https:\/\/www.paranapraia.com.br\/index.php\/wp-json\/wp\/v2\/posts\/17002"}],"collection":[{"href":"https:\/\/www.paranapraia.com.br\/index.php\/wp-json\/wp\/v2\/posts"}],"about":[{"href":"https:\/\/www.paranapraia.com.br\/index.php\/wp-json\/wp\/v2\/types\/post"}],"author":[{"embeddable":true,"href":"https:\/\/www.paranapraia.com.br\/index.php\/wp-json\/wp\/v2\/users\/2"}],"replies":[{"embeddable":true,"href":"https:\/\/www.paranapraia.com.br\/index.php\/wp-json\/wp\/v2\/comments?post=17002"}],"version-history":[{"count":1,"href":"https:\/\/www.paranapraia.com.br\/index.php\/wp-json\/wp\/v2\/posts\/17002\/revisions"}],"predecessor-version":[{"id":17004,"href":"https:\/\/www.paranapraia.com.br\/index.php\/wp-json\/wp\/v2\/posts\/17002\/revisions\/17004"}],"wp:featuredmedia":[{"embeddable":true,"href":"https:\/\/www.paranapraia.com.br\/index.php\/wp-json\/wp\/v2\/media\/17003"}],"wp:attachment":[{"href":"https:\/\/www.paranapraia.com.br\/index.php\/wp-json\/wp\/v2\/media?parent=17002"}],"wp:term":[{"taxonomy":"category","embeddable":true,"href":"https:\/\/www.paranapraia.com.br\/index.php\/wp-json\/wp\/v2\/categories?post=17002"},{"taxonomy":"post_tag","embeddable":true,"href":"https:\/\/www.paranapraia.com.br\/index.php\/wp-json\/wp\/v2\/tags?post=17002"}],"curies":[{"name":"wp","href":"https:\/\/api.w.org\/{rel}","templated":true}]}}