{"id":16652,"date":"2019-08-09T11:12:55","date_gmt":"2019-08-09T14:12:55","guid":{"rendered":"https:\/\/www.paranapraia.com.br\/?p=16652"},"modified":"2019-08-09T11:12:56","modified_gmt":"2019-08-09T14:12:56","slug":"assembleia-discute-projeto-de-desenvolvimento-cientifico-e-tecnologico-em-audiencia-publica","status":"publish","type":"post","link":"https:\/\/www.paranapraia.com.br\/index.php\/2019\/08\/09\/assembleia-discute-projeto-de-desenvolvimento-cientifico-e-tecnologico-em-audiencia-publica\/","title":{"rendered":"Assembleia discute projeto de desenvolvimento cient\u00edfico e tecnol\u00f3gico em audi\u00eancia p\u00fablica"},"content":{"rendered":"\n<p>A\u00a0Assembleia Legislativa\u00a0do Paran\u00e1 (Alep) vai discutir na segunda-feira (12) os rumos e as metas para a \u00e1rea de Ci\u00eancia e Tecnologia (C&amp;T) paranaenses. O foco, que tem por base o anteprojeto do\u00a0Poder Executivo\u00a0denominado\u00a0Lei\u00a0Estadual da Inova\u00e7\u00e3o, \u00e9 o avan\u00e7o necess\u00e1rio ao constante desenvolvimento do estado, acompanhando as novidades da ind\u00fastria e da pesquisa acad\u00eamica mundiais. O encontro \u00e9 uma promo\u00e7\u00e3o da Comiss\u00e3o de Ci\u00eancia e Tecnologia e Ensino Superior, presidida pelo deputado Emerson Bacil (PSL), em parceria com a Associa\u00e7\u00e3o das Empresas Brasileiras de Tecnologia da Informa\u00e7\u00e3o (Assespro-Paran\u00e1).<\/p>\n\n\n\n<p>De acordo com Bacil, \u201ca Lei Estadual de Inova\u00e7\u00e3o estabelece medidas de incentivo \u00e0 inova\u00e7\u00e3o, pesquisa e ao fomento cient\u00edfico e tecnol\u00f3gico para o desenvolvimento econ\u00f4mico-social. Ela pode ser uma ferramenta importante na busca pelo desenvolvimento regional\u201d, frisou. \u201cPor meio da audi\u00eancia p\u00fablica poderemos contribuir e evoluir. \u00c9 fundamental a participa\u00e7\u00e3o de v\u00e1rios segmentos nessa constru\u00e7\u00e3o coletiva\u201d, completou.<\/p>\n\n\n\n<p>Para o diretor-presidente da Assespro-Paran\u00e1, Adriano Krzyuy, \u00e9 preciso trabalhar pelo ambiente favor\u00e1vel \u00e0s empresas e Startups paranaenses. \u201cElas querem e podem inovar com excel\u00eancia. O Paran\u00e1 inteiro \u00e9 beneficiado ap\u00f3s surgimento de mais empresas, gera\u00e7\u00e3o de emprego e renda, novos produtos e servi\u00e7os\u201d, explica.<\/p>\n\n\n\n<p>A Audi\u00eancia p\u00fablica \u201cAnteprojeto de Lei<\/p>\n\n\n\n<h3 class=\"wp-block-heading\">Anteprojeto de Lei<\/h3>\n\n\n\n<p>\u00c9 a etapa em que outro Poder &ndash; Executivo, Judici\u00e1rio, e o Tribunal de Contas &ndash; manda uma mensagem ou of\u00edcio \u00e0 Assembleia para ser apreciado. Antes da inclus\u00e3o na Ordem do Dia, a proposi\u00e7\u00e3o passa pela Diretoria Legislativa para ser numerada. Quando a proposi\u00e7\u00e3o \u00e9 lida e protocolada em Plen\u00e1rio, transforma-se em Projeto de Lei.\u00a0e Inova\u00e7\u00e3o\u201d acontece no audit\u00f3rio Legislativo da Alep, \u00e0s 10 horas, na segunda-feira (12). Participar\u00e3o dos debates, representantes do Governo do Paran\u00e1, Celepar, Tecpar, Lactec, Ag\u00eancia Curitiba, FIEP, Fecom\u00e9rcio, Sebrae, universidades p\u00fablicas e privadas, Detran\/PR, sociedade civil, al\u00e9m dos deputados estaduais. <\/p>\n\n\n\n<p>Alep<\/p>\n","protected":false},"excerpt":{"rendered":"<p>A\u00a0Assembleia Legislativa\u00a0do Paran\u00e1 (Alep) vai discutir na segunda-feira (12) os rumos e as metas para a \u00e1rea de Ci\u00eancia e Tecnologia (C&amp;T) paranaenses. O foco, que tem por base o anteprojeto do\u00a0Poder Executivo\u00a0denominado\u00a0Lei\u00a0Estadual da Inova\u00e7\u00e3o, \u00e9 o avan\u00e7o necess\u00e1rio ao constante desenvolvimento do estado, acompanhando as novidades da ind\u00fastria e da pesquisa acad\u00eamica mundiais. O [&hellip;]<\/p>\n","protected":false},"author":2,"featured_media":16653,"comment_status":"open","ping_status":"open","sticky":false,"template":"","format":"standard","meta":{"advanced_seo_description":"","jetpack_seo_html_title":"","jetpack_seo_noindex":false,"_jetpack_memberships_contains_paid_content":false,"footnotes":""},"categories":[32],"tags":[],"class_list":{"0":"post-16652","1":"post","2":"type-post","3":"status-publish","4":"format-standard","5":"has-post-thumbnail","7":"category-politica"},"jetpack_featured_media_url":"https:\/\/www.paranapraia.com.br\/wp-content\/uploads\/2019\/08\/oipa.jpg","jetpack_sharing_enabled":true,"_links":{"self":[{"href":"https:\/\/www.paranapraia.com.br\/index.php\/wp-json\/wp\/v2\/posts\/16652"}],"collection":[{"href":"https:\/\/www.paranapraia.com.br\/index.php\/wp-json\/wp\/v2\/posts"}],"about":[{"href":"https:\/\/www.paranapraia.com.br\/index.php\/wp-json\/wp\/v2\/types\/post"}],"author":[{"embeddable":true,"href":"https:\/\/www.paranapraia.com.br\/index.php\/wp-json\/wp\/v2\/users\/2"}],"replies":[{"embeddable":true,"href":"https:\/\/www.paranapraia.com.br\/index.php\/wp-json\/wp\/v2\/comments?post=16652"}],"version-history":[{"count":1,"href":"https:\/\/www.paranapraia.com.br\/index.php\/wp-json\/wp\/v2\/posts\/16652\/revisions"}],"predecessor-version":[{"id":16654,"href":"https:\/\/www.paranapraia.com.br\/index.php\/wp-json\/wp\/v2\/posts\/16652\/revisions\/16654"}],"wp:featuredmedia":[{"embeddable":true,"href":"https:\/\/www.paranapraia.com.br\/index.php\/wp-json\/wp\/v2\/media\/16653"}],"wp:attachment":[{"href":"https:\/\/www.paranapraia.com.br\/index.php\/wp-json\/wp\/v2\/media?parent=16652"}],"wp:term":[{"taxonomy":"category","embeddable":true,"href":"https:\/\/www.paranapraia.com.br\/index.php\/wp-json\/wp\/v2\/categories?post=16652"},{"taxonomy":"post_tag","embeddable":true,"href":"https:\/\/www.paranapraia.com.br\/index.php\/wp-json\/wp\/v2\/tags?post=16652"}],"curies":[{"name":"wp","href":"https:\/\/api.w.org\/{rel}","templated":true}]}}