{"id":16647,"date":"2019-08-09T11:10:10","date_gmt":"2019-08-09T14:10:10","guid":{"rendered":"https:\/\/www.paranapraia.com.br\/?p=16647"},"modified":"2019-08-09T11:41:04","modified_gmt":"2019-08-09T14:41:04","slug":"eco-ilha-do-mel-pro-surf-sera-nos-dias14-e-15-de-setembro","status":"publish","type":"post","link":"https:\/\/www.paranapraia.com.br\/index.php\/2019\/08\/09\/eco-ilha-do-mel-pro-surf-sera-nos-dias14-e-15-de-setembro\/","title":{"rendered":"Eco Ilha do Mel Pro Surf ser\u00e1 nos dias 14 e 15 de setembro"},"content":{"rendered":"\n<p>Dando sequ\u00eancia ao calend\u00e1rio de eventos 2019, a Associa\u00e7\u00e3o de Surf de Paranagu\u00e1 (ASPAR) tem o orgulho de apresentar o \u201cCattalini Apresenta: ECO ILHA PRO SURF 2019\u201d, que acontecer\u00e1 nos dias 14 e 15 de setembro, na Ilha do Mel, na Praia de Fora. O evento ser\u00e1 n\u00edvel 4 A e ir\u00e1 distribuir 3 mil pontos para o campe\u00e3o, com a maior premia\u00e7\u00e3o da hist\u00f3ria do surf do Paran\u00e1: R$30.000,00 em dinheiro.<\/p>\n\n\n\n<p>Tradicionalmente associada ao evento teremos a a\u00e7\u00e3o ambiental Mutir\u00e3o de Limpeza que consiste na limpeza dos res\u00edduos em toda extens\u00e3o da Praia de Fora, assim como a separa\u00e7\u00e3o dos recicl\u00e1veis e dos materiais n\u00e3o recicl\u00e1veis, contando com a colabora\u00e7\u00e3o das Ongs Parceiros do Mar, Route Brasil, Flores do Mar, Projeto Entre M\u00e3os e Patas, al\u00e9m de alunos da UFPR, grupo de volunt\u00e1rios da Cattalini  e o p\u00fablico presente. <\/p>\n\n\n\n<p>Simultaneamente a essa a\u00e7\u00e3o ambiental teremos um &#8220;aul\u00e3o &#8221; de Yoga para proporcionar disposi\u00e7\u00e3o e bem-estar a todos os participantes da a\u00e7\u00e3o. O evento contar\u00e1 com atividades da equipe do Sesc, como medi\u00e7\u00e3o da press\u00e3o arterial e exames de glicemia.<\/p>\n\n\n\n<p>S\u00e3o esperados atletas de v\u00e1rios estados do Brasil para competir. Como o evento ir\u00e1 decidir o t\u00edtulo Brasileiro de Surf Profissional Masculino, a expectativa \u00e9 grande para um verdadeiro show de surf com a elite do surf nacional.<\/p>\n\n\n\n<p>O evento \u00e9 apresentado e patrocinado pela Cattalini Terminais Mar\u00edtimos e conta o apoio da Mormaii, Matheus Camargo Shaper, WoodCutter Brasil, Anti Social, X-TRA Foam Brasil e Barranco Bar &amp; Restaurante.<br>\nColabora\u00e7\u00e3o da Prefeitura Municipal de Paranagu\u00e1 e Secretaria de  Cultura e Turismo Secultur.<\/p>\n\n\n\n<p>As Pousadas parceiras s\u00e3o: Treze Luas Pousada, Grajagan Surf Resort, Vila Verde Pousada, Plancton Pousada, Pousada Bee House, Pousada Ancoradouro, Toca do Abutre, Pousada Pousadinha, Pousada das Meninas, Pousada Paralelas, Trilha do Farol Pousada e Recanto Tropical Pousada.<\/p>\n\n\n\n<p>Os Transportes Mar\u00edtimos parceiros s\u00e3o: T\u00e1xi Na\u00fatico Jucris, Lua Cheia Transportes Mar\u00edtimos, T\u00e1xi N\u00e1utico Fortaleza e Abaline.<\/p>\n\n\n\n<p>Na A\u00e7\u00e3o Ambiental os parceiros e apoiadores s\u00e3o os Parceiros do Mar, Route Brasil, Flores do Mar, Projeto Entre M\u00e3os e Patas, Alunos da UFPR, grupo de volunt\u00e1rios da Cattalini, Animpo e IAP.<\/p>\n\n\n\n<p>Na a\u00e7\u00e3o de bem-estar os parceiros est\u00e3o:  Sesc Paranagu\u00e1, Yoga Itinerante by P\u00e9rola de Souza e Cecilia Rockenback Fisioterapia &amp; Pilates.<\/p>\n\n\n\n<p>O evento \u00e9 uma promo\u00e7\u00e3o de Alessandro do Ros\u00e1rio e realizado pela ASPAR, com supervis\u00e3o e homologa\u00e7\u00e3o da FPS ( Federa\u00e7\u00e3o de Surf do Paran\u00e1) e ABRASP (Associa\u00e7\u00e3o Brasileira de Surf Profissional )<\/p>\n\n\n\n<p>O valor da inscri\u00e7\u00e3o \u00e9 de R$250,00 as inscri\u00e7\u00f5es  podem ser feitas atrav\u00e9s do telefone  +55 41 99276 2601 com Alessandro do Ros\u00e1rio e-mail ( alessandroaranha2011@hotmail.com )<\/p>\n\n\n\n<p>Aspar<\/p>\n","protected":false},"excerpt":{"rendered":"<p>Dando sequ\u00eancia ao calend\u00e1rio de eventos 2019, a Associa\u00e7\u00e3o de Surf de Paranagu\u00e1 (ASPAR) tem o orgulho de apresentar o \u201cCattalini Apresenta: ECO ILHA PRO SURF 2019\u201d, que acontecer\u00e1 nos dias 14 e 15 de setembro, na Ilha do Mel, na Praia de Fora. O evento ser\u00e1 n\u00edvel 4 A e ir\u00e1 distribuir 3 mil [&hellip;]<\/p>\n","protected":false},"author":2,"featured_media":16648,"comment_status":"open","ping_status":"open","sticky":false,"template":"","format":"standard","meta":{"advanced_seo_description":"","jetpack_seo_html_title":"","jetpack_seo_noindex":false,"_jetpack_memberships_contains_paid_content":false,"footnotes":""},"categories":[40],"tags":[],"class_list":{"0":"post-16647","1":"post","2":"type-post","3":"status-publish","4":"format-standard","5":"has-post-thumbnail","7":"category-destaques"},"jetpack_featured_media_url":"https:\/\/www.paranapraia.com.br\/wp-content\/uploads\/2019\/08\/ilhamel.jpg","jetpack_sharing_enabled":true,"_links":{"self":[{"href":"https:\/\/www.paranapraia.com.br\/index.php\/wp-json\/wp\/v2\/posts\/16647"}],"collection":[{"href":"https:\/\/www.paranapraia.com.br\/index.php\/wp-json\/wp\/v2\/posts"}],"about":[{"href":"https:\/\/www.paranapraia.com.br\/index.php\/wp-json\/wp\/v2\/types\/post"}],"author":[{"embeddable":true,"href":"https:\/\/www.paranapraia.com.br\/index.php\/wp-json\/wp\/v2\/users\/2"}],"replies":[{"embeddable":true,"href":"https:\/\/www.paranapraia.com.br\/index.php\/wp-json\/wp\/v2\/comments?post=16647"}],"version-history":[{"count":2,"href":"https:\/\/www.paranapraia.com.br\/index.php\/wp-json\/wp\/v2\/posts\/16647\/revisions"}],"predecessor-version":[{"id":16681,"href":"https:\/\/www.paranapraia.com.br\/index.php\/wp-json\/wp\/v2\/posts\/16647\/revisions\/16681"}],"wp:featuredmedia":[{"embeddable":true,"href":"https:\/\/www.paranapraia.com.br\/index.php\/wp-json\/wp\/v2\/media\/16648"}],"wp:attachment":[{"href":"https:\/\/www.paranapraia.com.br\/index.php\/wp-json\/wp\/v2\/media?parent=16647"}],"wp:term":[{"taxonomy":"category","embeddable":true,"href":"https:\/\/www.paranapraia.com.br\/index.php\/wp-json\/wp\/v2\/categories?post=16647"},{"taxonomy":"post_tag","embeddable":true,"href":"https:\/\/www.paranapraia.com.br\/index.php\/wp-json\/wp\/v2\/tags?post=16647"}],"curies":[{"name":"wp","href":"https:\/\/api.w.org\/{rel}","templated":true}]}}