{"id":16629,"date":"2019-08-09T09:54:26","date_gmt":"2019-08-09T12:54:26","guid":{"rendered":"https:\/\/www.paranapraia.com.br\/?p=16629"},"modified":"2019-08-09T09:54:28","modified_gmt":"2019-08-09T12:54:28","slug":"athletico-preserva-time-no-brasileirao-de-olho-na-copa-do-brasil","status":"publish","type":"post","link":"https:\/\/www.paranapraia.com.br\/index.php\/2019\/08\/09\/athletico-preserva-time-no-brasileirao-de-olho-na-copa-do-brasil\/","title":{"rendered":"Athletico preserva time no Brasileir\u00e3o de olho na Copa do Brasil"},"content":{"rendered":"\n<h4 class=\"wp-block-heading\">Na pr\u00f3xima quarta-feira (14), Furac\u00e3o pega o Gr\u00eamio em Porto Alegre e titulares v\u00e3o descansar no final de semana<\/h4>\n\n\n\n<p>Ap\u00f3s a conquista da Levain Cup\/Conmebol Sudamericana no Jap\u00e3o, o foco principal do\u00a0Athletico\u00a0se torna a Copa do Brasil. O Furac\u00e3o est\u00e1 a apenas quatro jogos de uma conquista in\u00e9dita. O primeiro desafio ser\u00e1 contra o Gr\u00eamio, na pr\u00f3xima quarta-feira (14), na Arena do Gr\u00eamio, pela ida da semifinal. Por\u00e9m, antes, o Rubro-Negro tem um compromisso pelo Campeonato Brasileiro, domingo (11), no Nilton Santos.<\/p>\n\n\n\n<p>Para esta partida, o Athletico deve poupar praticamente todo seu grupo titular. Primeiro pela quest\u00e3o do desgaste pela viagem at\u00e9 o outro lado do mundo. O elenco chega s\u00f3\u00a0nesta sexta-feira (9)\u00a0ao Brasil e n\u00e3o teria tempo para descansar, uma vez que\u00a0s\u00e1bado (10) tem um treinamento no Rio de Janeiro. E segundo que as aten\u00e7\u00f5es s\u00e3o justamente pensando na partida em Porto Alegre.<\/p>\n\n\n\n<p>Por isso, os titulares contra o Shonan Bellmare, al\u00e9m do meia Nik\u00e3o, ao desembarcar em S\u00e3o Paulo, v\u00e3o seguir para Curitiba e ter um per\u00edodo de folga. A exce\u00e7\u00e3o ser\u00e1 o zagueiro Pedro Henrique, que n\u00e3o pode jogar a Copa do Brasil por j\u00e1 ter defendido o Corinthians e estar\u00e1 \u00e0 disposi\u00e7\u00e3o do t\u00e9cnico Tiago Nunes, assim como os outros nove atletas que estiveram no Jap\u00e3o, casos dos goleiros Caio e L\u00e9o, o lateral-direito Madson, o zagueiro Lucas Halter, os meias Lucho Gonz\u00e1lez, L\u00e9o Cittadini e Tom\u00e1s Andrade e os atacantes Braian Romero e Thonny Anderson.<\/p>\n\n\n\n<p>Juntam-se a eles outros nomes que ficaram em Curitiba esta semana, casos dos zagueiros Robson Bambu e W\u00e1lber, do lateral-direito Khellven, dos laterais-esquerdos Abner e Abner Vin\u00edcius, dos volantes Erick e Matheus Rossetto e dos atacantes Vitinho, J\u00e1derson e Vin\u00edcius Mingotti, o que fecharia 19 jogadores na delega\u00e7\u00e3o.<\/p>\n\n\n\n<p>Principal contrata\u00e7\u00e3o do clube na temporada, o lateral-esquerdo Adriano ainda seguir\u00e1 na capital paranaense, aprimorando a parte f\u00edsica. O atleta s\u00f3 deve estrear com a camisa do Furac\u00e3o no final do m\u00eas.<\/p>\n\n\n\n<p>Uma equipe toda reserva para estar o mais preparado fisicamente poss\u00edvel para pegar o Gr\u00eamio. Prioridades que est\u00e3o claras internamente no Furac\u00e3o.<\/p>\n\n\n\n<p>\u201c\u00c9 muito dif\u00edcil manter a performance em tantas competi\u00e7\u00f5es ao mesmo tempo, ainda mais com viagens t\u00e3o longas, principalmente com fuso. Isso acaba dificultando para manter a performance. O que a gente tem feito \u00e9 tentar utilizar o m\u00e1ximo poss\u00edvel nosso elenco e priorizar algumas competi\u00e7\u00f5es. Acabamos priorizando em um primeiro momento a Libertadores, a Copa do Brasil e tamb\u00e9m o torneio aqui no Jap\u00e3o. Vamos tentar o m\u00e1ximo poss\u00edvel levar dessa forma enquanto tivermos condi\u00e7\u00f5es de disputar todas as competi\u00e7\u00f5es que estamos envolvidos\u201d, disse o treinador, ap\u00f3s o triunfo em solo japon\u00eas.<\/p>\n\n\n\n<p><strong><a href=\"https:\/\/especiais.tribunapr.com.br\/futebol\/tabela-brasileirao-serie-2019\/\">+ Confira a classifica\u00e7\u00e3o completa do Brasileir\u00e3o!<\/a><\/strong><\/p>\n\n\n\n<p>No Brasileir\u00e3o, o Rubro-Negro \u00e9 o oitavo colocado, com 19 pontos, dois a menos que o S\u00e3o Paulo, que fecha o G6. Os dois times t\u00eam um jogo a menos em rela\u00e7\u00e3o aos demais, por conta do duelo adiado para o dia 21. At\u00e9 por esta situa\u00e7\u00e3o tranquila na tabela, o Athletico sabe que pode dar este descanso aos seus principais jogadores, ainda mais visando a sequ\u00eancia da temporada, com uma maratona de partidas at\u00e9 dezembro.<\/p>\n\n\n\n<p>TribunaPr<\/p>\n","protected":false},"excerpt":{"rendered":"<p>Na pr\u00f3xima quarta-feira (14), Furac\u00e3o pega o Gr\u00eamio em Porto Alegre e titulares v\u00e3o descansar no final de semana Ap\u00f3s a conquista da Levain Cup\/Conmebol Sudamericana no Jap\u00e3o, o foco principal do\u00a0Athletico\u00a0se torna a Copa do Brasil. O Furac\u00e3o est\u00e1 a apenas quatro jogos de uma conquista in\u00e9dita. O primeiro desafio ser\u00e1 contra o Gr\u00eamio, [&hellip;]<\/p>\n","protected":false},"author":2,"featured_media":16630,"comment_status":"open","ping_status":"open","sticky":false,"template":"","format":"standard","meta":{"advanced_seo_description":"","jetpack_seo_html_title":"","jetpack_seo_noindex":false,"_jetpack_memberships_contains_paid_content":false,"footnotes":""},"categories":[53],"tags":[],"class_list":{"0":"post-16629","1":"post","2":"type-post","3":"status-publish","4":"format-standard","5":"has-post-thumbnail","7":"category-athletico-paranaense"},"jetpack_featured_media_url":"https:\/\/www.paranapraia.com.br\/wp-content\/uploads\/2019\/08\/41-1.jpg","jetpack_sharing_enabled":true,"_links":{"self":[{"href":"https:\/\/www.paranapraia.com.br\/index.php\/wp-json\/wp\/v2\/posts\/16629"}],"collection":[{"href":"https:\/\/www.paranapraia.com.br\/index.php\/wp-json\/wp\/v2\/posts"}],"about":[{"href":"https:\/\/www.paranapraia.com.br\/index.php\/wp-json\/wp\/v2\/types\/post"}],"author":[{"embeddable":true,"href":"https:\/\/www.paranapraia.com.br\/index.php\/wp-json\/wp\/v2\/users\/2"}],"replies":[{"embeddable":true,"href":"https:\/\/www.paranapraia.com.br\/index.php\/wp-json\/wp\/v2\/comments?post=16629"}],"version-history":[{"count":1,"href":"https:\/\/www.paranapraia.com.br\/index.php\/wp-json\/wp\/v2\/posts\/16629\/revisions"}],"predecessor-version":[{"id":16631,"href":"https:\/\/www.paranapraia.com.br\/index.php\/wp-json\/wp\/v2\/posts\/16629\/revisions\/16631"}],"wp:featuredmedia":[{"embeddable":true,"href":"https:\/\/www.paranapraia.com.br\/index.php\/wp-json\/wp\/v2\/media\/16630"}],"wp:attachment":[{"href":"https:\/\/www.paranapraia.com.br\/index.php\/wp-json\/wp\/v2\/media?parent=16629"}],"wp:term":[{"taxonomy":"category","embeddable":true,"href":"https:\/\/www.paranapraia.com.br\/index.php\/wp-json\/wp\/v2\/categories?post=16629"},{"taxonomy":"post_tag","embeddable":true,"href":"https:\/\/www.paranapraia.com.br\/index.php\/wp-json\/wp\/v2\/tags?post=16629"}],"curies":[{"name":"wp","href":"https:\/\/api.w.org\/{rel}","templated":true}]}}