{"id":16626,"date":"2019-08-09T09:49:10","date_gmt":"2019-08-09T12:49:10","guid":{"rendered":"https:\/\/www.paranapraia.com.br\/?p=16626"},"modified":"2019-08-09T09:49:12","modified_gmt":"2019-08-09T12:49:12","slug":"prefeito-da-posse-a-mais-seis-medicos","status":"publish","type":"post","link":"https:\/\/www.paranapraia.com.br\/index.php\/2019\/08\/09\/prefeito-da-posse-a-mais-seis-medicos\/","title":{"rendered":"Prefeito da posse a mais seis m\u00e9dicos"},"content":{"rendered":"\n<p>Na manh\u00e3 desta sexta-feira passada 02\/08\/2019, o Prefeito de Matinhos em companhia do Secret\u00e1rio Municipal de Sa\u00fade Claudir Louren\u00e7o, deu posse a seis novos m\u00e9dicos que a partir de hoje estar\u00e3o fortalecendo o atendimento no Hospital Nossa Senhora dos Navegantes e UBS.<\/p>\n\n\n\n<p>S\u00e3o eles: Dr.Julio Cesar Haeffer Santos da Rocha Loures, Dr. Jo\u00e3o Leonardo Rodrigues Nascimento da Luz, Dr. Leonardo Carmo Kawakame da Silva, Dr. Kleber Roberto Siguel da Silva, Dra. Andr\u00e9ia Bragan\u00e7a Oliveira e Dr. Ricardo Guzela. Sejam todos bem vindos.<br><\/p>\n\n\n\n<p>Departamento de Comunica\u00e7\u00e3o<br>Prefeitura de Matinhos<\/p>\n","protected":false},"excerpt":{"rendered":"<p>Na manh\u00e3 desta sexta-feira passada 02\/08\/2019, o Prefeito de Matinhos em companhia do Secret\u00e1rio Municipal de Sa\u00fade Claudir Louren\u00e7o, deu posse a seis novos m\u00e9dicos que a partir de hoje estar\u00e3o fortalecendo o atendimento no Hospital Nossa Senhora dos Navegantes e UBS. S\u00e3o eles: Dr.Julio Cesar Haeffer Santos da Rocha Loures, Dr. Jo\u00e3o Leonardo Rodrigues [&hellip;]<\/p>\n","protected":false},"author":2,"featured_media":16627,"comment_status":"open","ping_status":"open","sticky":false,"template":"","format":"standard","meta":{"advanced_seo_description":"","jetpack_seo_html_title":"","jetpack_seo_noindex":false,"_jetpack_memberships_contains_paid_content":false,"footnotes":""},"categories":[42],"tags":[],"class_list":{"0":"post-16626","1":"post","2":"type-post","3":"status-publish","4":"format-standard","5":"has-post-thumbnail","7":"category-cidades"},"jetpack_featured_media_url":"https:\/\/www.paranapraia.com.br\/wp-content\/uploads\/2019\/08\/prefa.jpg","jetpack_sharing_enabled":true,"_links":{"self":[{"href":"https:\/\/www.paranapraia.com.br\/index.php\/wp-json\/wp\/v2\/posts\/16626"}],"collection":[{"href":"https:\/\/www.paranapraia.com.br\/index.php\/wp-json\/wp\/v2\/posts"}],"about":[{"href":"https:\/\/www.paranapraia.com.br\/index.php\/wp-json\/wp\/v2\/types\/post"}],"author":[{"embeddable":true,"href":"https:\/\/www.paranapraia.com.br\/index.php\/wp-json\/wp\/v2\/users\/2"}],"replies":[{"embeddable":true,"href":"https:\/\/www.paranapraia.com.br\/index.php\/wp-json\/wp\/v2\/comments?post=16626"}],"version-history":[{"count":1,"href":"https:\/\/www.paranapraia.com.br\/index.php\/wp-json\/wp\/v2\/posts\/16626\/revisions"}],"predecessor-version":[{"id":16628,"href":"https:\/\/www.paranapraia.com.br\/index.php\/wp-json\/wp\/v2\/posts\/16626\/revisions\/16628"}],"wp:featuredmedia":[{"embeddable":true,"href":"https:\/\/www.paranapraia.com.br\/index.php\/wp-json\/wp\/v2\/media\/16627"}],"wp:attachment":[{"href":"https:\/\/www.paranapraia.com.br\/index.php\/wp-json\/wp\/v2\/media?parent=16626"}],"wp:term":[{"taxonomy":"category","embeddable":true,"href":"https:\/\/www.paranapraia.com.br\/index.php\/wp-json\/wp\/v2\/categories?post=16626"},{"taxonomy":"post_tag","embeddable":true,"href":"https:\/\/www.paranapraia.com.br\/index.php\/wp-json\/wp\/v2\/tags?post=16626"}],"curies":[{"name":"wp","href":"https:\/\/api.w.org\/{rel}","templated":true}]}}