{"id":16617,"date":"2019-08-09T09:42:04","date_gmt":"2019-08-09T12:42:04","guid":{"rendered":"https:\/\/www.paranapraia.com.br\/?p=16617"},"modified":"2019-08-09T09:42:07","modified_gmt":"2019-08-09T12:42:07","slug":"frigorifico-que-vai-abrir-em-outubro-na-rmc-abre-200-vagas-de-emprego","status":"publish","type":"post","link":"https:\/\/www.paranapraia.com.br\/index.php\/2019\/08\/09\/frigorifico-que-vai-abrir-em-outubro-na-rmc-abre-200-vagas-de-emprego\/","title":{"rendered":"Frigor\u00edfico que vai abrir em outubro na RMC abre 200 vagas de emprego"},"content":{"rendered":"\n<h4 class=\"wp-block-heading\">A sele\u00e7\u00e3o das vagas inicia em setembro<\/h4>\n\n\n\n<p>A Ag\u00eancia do Trabalhador de Bocai\u00fava do Sul vai disponibilizar 200 novas vagas de empregos diretos e indiretos para o Frigor\u00edfico Rainha da Paz, que ser\u00e1 inaugurado em outubro. As vagas s\u00e3o para auxiliar de produ\u00e7\u00e3o, sem experi\u00eancia e com ensino fundamental incompleto, log\u00edstica de cargas\/descargas e nas demais \u00e1reas internas, com sal\u00e1rios na m\u00e9dia de R$ 1,3 mil e mais benef\u00edcios. A sele\u00e7\u00e3o das vagas inicia em setembro.<\/p>\n\n\n\n<p>As ofertas de empregos v\u00e3o ajudar tamb\u00e9m no desenvolvimento dos munic\u00edpios do Vale do Ribeira que possuem baixo \u00cdndice de Desenvolvimento Humano (IDH), que abrange aspectos como renda, educa\u00e7\u00e3o e sa\u00fade. O Vale do Ribeira \u00e9 formado por sete munic\u00edpios \u2013 Adrian\u00f3polis, Bocai\u00fava do Sul, Cerro Azul, Doutor Ulysses, Itaperu\u00e7u, Rio Branco do Sul e Tunas do Paran\u00e1. Jutos, eles concentram 100 mil pessoas.<\/p>\n\n\n\n<p>A intermedia\u00e7\u00e3o de vagas por meio das Ag\u00eancias do Trabalhador \u00e9 mais uma a\u00e7\u00e3o do Departamento do Trabalho da Secretaria de Estado da Justi\u00e7a, Fam\u00edlia e Trabalho e segue o novo formato desta gest\u00e3o de proatividade para capta\u00e7\u00e3o de postos de trabalho em todo o Paran\u00e1. \u201cEstamos nos aproximando cada vez mais das empresas para acelerar a coloca\u00e7\u00e3o dos paranaenses no mercado de trabalho\u201d, disse o secret\u00e1rio.<\/p>\n\n\n\n<p>Os interessados em ocupar uma das vagas podem procurar a Ag\u00eancia do Trabalhador do munic\u00edpio, localizada na Rua Carlos Alberto Ribeiro n\u00b0 21, no Centro de Bocai\u00fava do Sul, das 08h \u00e0s 12h e das 13h \u00e0s 17h.<\/p>\n\n\n\n<p>BandaB<\/p>\n\n\n\n<p><br><br><\/p>\n","protected":false},"excerpt":{"rendered":"<p>A sele\u00e7\u00e3o das vagas inicia em setembro A Ag\u00eancia do Trabalhador de Bocai\u00fava do Sul vai disponibilizar 200 novas vagas de empregos diretos e indiretos para o Frigor\u00edfico Rainha da Paz, que ser\u00e1 inaugurado em outubro. As vagas s\u00e3o para auxiliar de produ\u00e7\u00e3o, sem experi\u00eancia e com ensino fundamental incompleto, log\u00edstica de cargas\/descargas e nas [&hellip;]<\/p>\n","protected":false},"author":2,"featured_media":16618,"comment_status":"open","ping_status":"open","sticky":false,"template":"","format":"standard","meta":{"advanced_seo_description":"","jetpack_seo_html_title":"","jetpack_seo_noindex":false,"_jetpack_memberships_contains_paid_content":false,"footnotes":""},"categories":[43],"tags":[],"class_list":{"0":"post-16617","1":"post","2":"type-post","3":"status-publish","4":"format-standard","5":"has-post-thumbnail","7":"category-cotidiano"},"jetpack_featured_media_url":"https:\/\/www.paranapraia.com.br\/wp-content\/uploads\/2019\/08\/reprodu.jpg","jetpack_sharing_enabled":true,"_links":{"self":[{"href":"https:\/\/www.paranapraia.com.br\/index.php\/wp-json\/wp\/v2\/posts\/16617"}],"collection":[{"href":"https:\/\/www.paranapraia.com.br\/index.php\/wp-json\/wp\/v2\/posts"}],"about":[{"href":"https:\/\/www.paranapraia.com.br\/index.php\/wp-json\/wp\/v2\/types\/post"}],"author":[{"embeddable":true,"href":"https:\/\/www.paranapraia.com.br\/index.php\/wp-json\/wp\/v2\/users\/2"}],"replies":[{"embeddable":true,"href":"https:\/\/www.paranapraia.com.br\/index.php\/wp-json\/wp\/v2\/comments?post=16617"}],"version-history":[{"count":1,"href":"https:\/\/www.paranapraia.com.br\/index.php\/wp-json\/wp\/v2\/posts\/16617\/revisions"}],"predecessor-version":[{"id":16619,"href":"https:\/\/www.paranapraia.com.br\/index.php\/wp-json\/wp\/v2\/posts\/16617\/revisions\/16619"}],"wp:featuredmedia":[{"embeddable":true,"href":"https:\/\/www.paranapraia.com.br\/index.php\/wp-json\/wp\/v2\/media\/16618"}],"wp:attachment":[{"href":"https:\/\/www.paranapraia.com.br\/index.php\/wp-json\/wp\/v2\/media?parent=16617"}],"wp:term":[{"taxonomy":"category","embeddable":true,"href":"https:\/\/www.paranapraia.com.br\/index.php\/wp-json\/wp\/v2\/categories?post=16617"},{"taxonomy":"post_tag","embeddable":true,"href":"https:\/\/www.paranapraia.com.br\/index.php\/wp-json\/wp\/v2\/tags?post=16617"}],"curies":[{"name":"wp","href":"https:\/\/api.w.org\/{rel}","templated":true}]}}