{"id":16614,"date":"2019-08-09T09:31:29","date_gmt":"2019-08-09T12:31:29","guid":{"rendered":"https:\/\/www.paranapraia.com.br\/?p=16614"},"modified":"2019-08-09T09:31:50","modified_gmt":"2019-08-09T12:31:50","slug":"tribunal-do-equador-determina-prisao-preventiva-de-ex-presidente","status":"publish","type":"post","link":"https:\/\/www.paranapraia.com.br\/index.php\/2019\/08\/09\/tribunal-do-equador-determina-prisao-preventiva-de-ex-presidente\/","title":{"rendered":"Tribunal do Equador determina pris\u00e3o preventiva de ex-presidente"},"content":{"rendered":"\n<p>A Justi\u00e7a equatoriana determinou, nessa quinta-feira (8), a pris\u00e3o preventiva do ex-presidente Rafael Correa por suposto envolvimento em caso de suborno, que teria sido orquestrado com membros do seu governo para concess\u00e3o de contratos com o Estado.<\/p>\n\n\n\n<p>A ju\u00edza Daniella Camacho solicitou que a medida cautelar ratificasse o pedido feito na quarta-feira (7) pela procuradora-geral do Estado, Diana Salazar, levando em conta que a pris\u00e3o ser\u00e1 &#8220;legal, constitucional e convencional&#8221; e, portanto, &#8220;n\u00e3o arbitr\u00e1ria&#8221;.<\/p>\n\n\n\n<p>Salazar investiga esquema denominado Subornos 2012-2016 (ex-Arroz Verde), no qual mais tr\u00eas ex-integrantes do Executivo de Correa (2007-2017) est\u00e3o supostamente envolvidos, aos quais tamb\u00e9m aplicou a mesma medida de coa\u00e7\u00e3o.<\/p>\n\n\n\n<p>O Minist\u00e9rio P\u00fablico acredita que a investiga\u00e7\u00e3o lan\u00e7a luz sobre uma dezena de elementos de condena\u00e7\u00e3o que apontam para a pr\u00e1tica dos crimes de suborno, associa\u00e7\u00e3o il\u00edcita e tr\u00e1fico de influ\u00eancia no suposto financiamento irregular do movimento pol\u00edtico Alianza Pa\u00eds, que o ex-chefe de Estado liderou at\u00e9 2017.<\/p>\n\n\n\n<p>No caso do ex-presidente, Camacho considerou que a pris\u00e3o preventiva \u00e9 apropriada, devido \u00e0 impossibilidade de emitir outras medidas que garantam a sua presen\u00e7a nos tribunais, j\u00e1 que Correa reside na B\u00e9lgica desde que deixou o poder em maio de 2017.<\/p>\n\n\n\n<p>A ju\u00edza lembrou que Correa tem contra ele um mandado de pris\u00e3o por viola\u00e7\u00e3o de medidas cautelares, no caso da tentativa de sequestro na Col\u00f4mbia, em 2012, do pol\u00edtico da oposi\u00e7\u00e3o Fernando Balda.<\/p>\n\n\n\n<p>At\u00e9 hoje, Correa, que tem mais de uma d\u00fazia de casos em aberto, n\u00e3o foi condenado por um tribunal no Equador e recusa-se a voltar ao pa\u00eds. Ele acredita que \u00e9 v\u00edtima de persegui\u00e7\u00e3o pol\u00edtica do seu sucessor, Lenin Moreno.<\/p>\n\n\n\n<p>Camacho aplicou a mesma medida de cau\u00e7\u00e3o ao ex-vice-presidente Jorge Glas.<\/p>\n\n\n\n<p>Glas est\u00e1 preso h\u00e1 quase dois anos e cumpre pena de seis por associa\u00e7\u00e3o ilegal em caso que envolve a empresa brasileira Odebrecht, embora tenha recorrido da senten\u00e7a.<\/p>\n\n\n\n<p>Outros envolvidos no caso &#8220;Subornos 2012-2016&#8221; s\u00e3o o ex-secret\u00e1rio da \u00c1gua Walter Sol\u00eds e o ex-secret\u00e1rio da Administra\u00e7\u00e3o Vinicio Alvarado, al\u00e9m do ex-assessor Yamil Massuh.<\/p>\n\n\n\n<p>BemParan\u00e1<\/p>\n","protected":false},"excerpt":{"rendered":"<p>A Justi\u00e7a equatoriana determinou, nessa quinta-feira (8), a pris\u00e3o preventiva do ex-presidente Rafael Correa por suposto envolvimento em caso de suborno, que teria sido orquestrado com membros do seu governo para concess\u00e3o de contratos com o Estado. A ju\u00edza Daniella Camacho solicitou que a medida cautelar ratificasse o pedido feito na quarta-feira (7) pela procuradora-geral [&hellip;]<\/p>\n","protected":false},"author":2,"featured_media":16615,"comment_status":"open","ping_status":"open","sticky":false,"template":"","format":"standard","meta":{"advanced_seo_description":"","jetpack_seo_html_title":"","jetpack_seo_noindex":false,"_jetpack_memberships_contains_paid_content":false,"footnotes":""},"categories":[32],"tags":[],"class_list":{"0":"post-16614","1":"post","2":"type-post","3":"status-publish","4":"format-standard","5":"has-post-thumbnail","7":"category-politica"},"jetpack_featured_media_url":"https:\/\/www.paranapraia.com.br\/wp-content\/uploads\/2019\/08\/sadf.jpg","jetpack_sharing_enabled":true,"_links":{"self":[{"href":"https:\/\/www.paranapraia.com.br\/index.php\/wp-json\/wp\/v2\/posts\/16614"}],"collection":[{"href":"https:\/\/www.paranapraia.com.br\/index.php\/wp-json\/wp\/v2\/posts"}],"about":[{"href":"https:\/\/www.paranapraia.com.br\/index.php\/wp-json\/wp\/v2\/types\/post"}],"author":[{"embeddable":true,"href":"https:\/\/www.paranapraia.com.br\/index.php\/wp-json\/wp\/v2\/users\/2"}],"replies":[{"embeddable":true,"href":"https:\/\/www.paranapraia.com.br\/index.php\/wp-json\/wp\/v2\/comments?post=16614"}],"version-history":[{"count":1,"href":"https:\/\/www.paranapraia.com.br\/index.php\/wp-json\/wp\/v2\/posts\/16614\/revisions"}],"predecessor-version":[{"id":16616,"href":"https:\/\/www.paranapraia.com.br\/index.php\/wp-json\/wp\/v2\/posts\/16614\/revisions\/16616"}],"wp:featuredmedia":[{"embeddable":true,"href":"https:\/\/www.paranapraia.com.br\/index.php\/wp-json\/wp\/v2\/media\/16615"}],"wp:attachment":[{"href":"https:\/\/www.paranapraia.com.br\/index.php\/wp-json\/wp\/v2\/media?parent=16614"}],"wp:term":[{"taxonomy":"category","embeddable":true,"href":"https:\/\/www.paranapraia.com.br\/index.php\/wp-json\/wp\/v2\/categories?post=16614"},{"taxonomy":"post_tag","embeddable":true,"href":"https:\/\/www.paranapraia.com.br\/index.php\/wp-json\/wp\/v2\/tags?post=16614"}],"curies":[{"name":"wp","href":"https:\/\/api.w.org\/{rel}","templated":true}]}}