{"id":16611,"date":"2019-08-09T09:29:36","date_gmt":"2019-08-09T12:29:36","guid":{"rendered":"https:\/\/www.paranapraia.com.br\/?p=16611"},"modified":"2019-08-09T09:29:38","modified_gmt":"2019-08-09T12:29:38","slug":"colisao-traseira-entre-caminhoes-deixa-um-morto-na-br-376","status":"publish","type":"post","link":"https:\/\/www.paranapraia.com.br\/index.php\/2019\/08\/09\/colisao-traseira-entre-caminhoes-deixa-um-morto-na-br-376\/","title":{"rendered":"Colis\u00e3o traseira entre caminh\u00f5es deixa um morto na BR-376"},"content":{"rendered":"\n<h4 class=\"wp-block-heading\">A colis\u00e3o traseira aconteceu na BR-376, em Palmeira, nos Campos Gerais do Paran\u00e1<\/h4>\n\n\n\n<p>Um acidente entre dois caminh\u00f5es deixou um\u00a0<strong>homem morto<\/strong>\u00a0por volta das 20h55 desta quinta-feira (8). A colis\u00e3o traseira aconteceu na BR-376, em Palmeira, nos\u00a0<strong>Campos Gerais do Paran\u00e1.<\/strong><\/p>\n\n\n\n<p>A colis\u00e3o aconteceu no KM 539,4, envolvendo uma Scania, placas do munic\u00edpio de Jaguariaiva\/PR, e um M.Benz, placas de Curitiba\/PR. \u201cO tr\u00e2nsito era intenso, devido as obras na pista, e deu uma engarrafada. Ent\u00e3o, houve esta colis\u00e3o traseira, na pista sentido Curitiba\u201d, o agente Zampieri, da Pol\u00edcia Rodovi\u00e1ria Federal (PRF).<\/p>\n\n\n\n<p>BandaB<br><br><\/p>\n","protected":false},"excerpt":{"rendered":"<p>A colis\u00e3o traseira aconteceu na BR-376, em Palmeira, nos Campos Gerais do Paran\u00e1 Um acidente entre dois caminh\u00f5es deixou um\u00a0homem morto\u00a0por volta das 20h55 desta quinta-feira (8). A colis\u00e3o traseira aconteceu na BR-376, em Palmeira, nos\u00a0Campos Gerais do Paran\u00e1. A colis\u00e3o aconteceu no KM 539,4, envolvendo uma Scania, placas do munic\u00edpio de Jaguariaiva\/PR, e um [&hellip;]<\/p>\n","protected":false},"author":2,"featured_media":16612,"comment_status":"open","ping_status":"open","sticky":false,"template":"","format":"standard","meta":{"advanced_seo_description":"","jetpack_seo_html_title":"","jetpack_seo_noindex":false,"_jetpack_memberships_contains_paid_content":false,"footnotes":""},"categories":[52],"tags":[],"class_list":{"0":"post-16611","1":"post","2":"type-post","3":"status-publish","4":"format-standard","5":"has-post-thumbnail","7":"category-acidentes"},"jetpack_featured_media_url":"https:\/\/www.paranapraia.com.br\/wp-content\/uploads\/2019\/08\/14.jpeg","jetpack_sharing_enabled":true,"_links":{"self":[{"href":"https:\/\/www.paranapraia.com.br\/index.php\/wp-json\/wp\/v2\/posts\/16611"}],"collection":[{"href":"https:\/\/www.paranapraia.com.br\/index.php\/wp-json\/wp\/v2\/posts"}],"about":[{"href":"https:\/\/www.paranapraia.com.br\/index.php\/wp-json\/wp\/v2\/types\/post"}],"author":[{"embeddable":true,"href":"https:\/\/www.paranapraia.com.br\/index.php\/wp-json\/wp\/v2\/users\/2"}],"replies":[{"embeddable":true,"href":"https:\/\/www.paranapraia.com.br\/index.php\/wp-json\/wp\/v2\/comments?post=16611"}],"version-history":[{"count":1,"href":"https:\/\/www.paranapraia.com.br\/index.php\/wp-json\/wp\/v2\/posts\/16611\/revisions"}],"predecessor-version":[{"id":16613,"href":"https:\/\/www.paranapraia.com.br\/index.php\/wp-json\/wp\/v2\/posts\/16611\/revisions\/16613"}],"wp:featuredmedia":[{"embeddable":true,"href":"https:\/\/www.paranapraia.com.br\/index.php\/wp-json\/wp\/v2\/media\/16612"}],"wp:attachment":[{"href":"https:\/\/www.paranapraia.com.br\/index.php\/wp-json\/wp\/v2\/media?parent=16611"}],"wp:term":[{"taxonomy":"category","embeddable":true,"href":"https:\/\/www.paranapraia.com.br\/index.php\/wp-json\/wp\/v2\/categories?post=16611"},{"taxonomy":"post_tag","embeddable":true,"href":"https:\/\/www.paranapraia.com.br\/index.php\/wp-json\/wp\/v2\/tags?post=16611"}],"curies":[{"name":"wp","href":"https:\/\/api.w.org\/{rel}","templated":true}]}}