{"id":16597,"date":"2019-08-09T09:18:56","date_gmt":"2019-08-09T12:18:56","guid":{"rendered":"https:\/\/www.paranapraia.com.br\/?p=16597"},"modified":"2019-08-09T09:18:57","modified_gmt":"2019-08-09T12:18:57","slug":"assembleia-legislativa-celebra-os-165-anos-da-policia-militar-do-parana-2","status":"publish","type":"post","link":"https:\/\/www.paranapraia.com.br\/index.php\/2019\/08\/09\/assembleia-legislativa-celebra-os-165-anos-da-policia-militar-do-parana-2\/","title":{"rendered":"Assembleia Legislativa celebra os 165 anos da Pol\u00edcia Militar do Paran\u00e1"},"content":{"rendered":"\n<p>Os 165 anos de cria\u00e7\u00e3o da Pol\u00edcia Militar do Paran\u00e1 (PMPR) foram celebrados durante sess\u00e3o solene realizada na noite desta quarta-feira (7), no Plen\u00e1rio da\u00a0Assembleia Legislativa\u00a0do Paran\u00e1 (Alep). A solenidade, proposta pelo deputado Coronel Lee (PSL), al\u00e9m de registrar o anivers\u00e1rio da corpora\u00e7\u00e3o, ainda contou com uma emocionante homenagem a 20 policiais militares que perderam a vida em servi\u00e7o. Eles foram representados por suas m\u00e3es e companheiras. Outros 41 policiais que passaram por situa\u00e7\u00f5es de grande estresse durante o servi\u00e7o tamb\u00e9m foram homenageados e receberam seus certificados de men\u00e7\u00e3o honrosa pelas a\u00e7\u00f5es heroicas. \u201cHoje podemos dizer que s\u00e3o todos vitoriosos porque enfrentaram todas as miss\u00f5es que lhe foram passadas. Essa homenagem \u00e9 o m\u00ednimo que a Assembleia pode fazer por todos esses homenageados. \u00c9 muito merecido o reconhecimento a esses combatentes, que enfrentaram dezenas e centenas de confrontos. Todos eles, com certeza, honraram o nome da Pol\u00edcia Militar do Paran\u00e1\u201d, declarou o deputado Coronel Lee em seu discurso.<\/p>\n\n\n\n<p>A sess\u00e3o comemorativa contou com a presen\u00e7a do secret\u00e1rio de Seguran\u00e7a P\u00fablica do Paran\u00e1, Coronel Romulo Marinho Soares; o comandante do Corpo de Bombeiros, Coronel Samuel Prestes; o coordenador estadual de Prote\u00e7\u00e3o e Defesa Civil do Paran\u00e1, coronel Ricardo Silva; o presidente da Associa\u00e7\u00e3o da Vila Militar, Coronel Washington Alves da Rosa; o presidente da Associa\u00e7\u00e3o dos Oficiais Policiais e Bombeiros Militares do Estado do Paran\u00e1 (ASSOFEPAR), Isaias de farias; e o presidente da Associa\u00e7\u00e3o de Defesa dos Direitos dos Policiais Militares Ativos, Inativos e Pensionistas (AMAI), coronel Altair Mariot; e os deputados Delegado Recalcatti (PSD) e Soldado Adriano Jos\u00e9 (PV), al\u00e9m de ex-Comandantes da Corpora\u00e7\u00e3o, comandantes de unidades da Pol\u00edcia Militar e do Corpo de Bombeiros da Capital e da Regi\u00e3o Metropolitana.<\/p>\n\n\n\n<p>Para o secret\u00e1rio de Seguran\u00e7a P\u00fablica do Paran\u00e1, Coronel Romulo Marinho Soares, a data em que se comemora o anivers\u00e1rio da Pol\u00edcia Militar do Paran\u00e1 celebra o trabalho de cada policial militar que est\u00e1 nas ruas para proteger os cidad\u00e3os e cidad\u00e3s paranaenses. \u201cEsta homenagem evidencia esta importante corpora\u00e7\u00e3o do estado do Paran\u00e1. Nesta data precisamos lembrar do sacrif\u00edcio de homens e mulheres que envergam a farda da Pol\u00edcia Militar do Paran\u00e1 todos os dias, que saem de suas casas para proteger a sociedade sem saber se no final do seu turno de servi\u00e7o poder\u00e1 estar novamente no conforto do seu lar\u201d, declarou Soares.<\/p>\n\n\n\n<p>O comandante do Corpo de Bombeiros, Coronel Samuel Prestes afirmou que foi uma honra muito grande participar da solenidade promovida pela Assembleia Legislativa em homenagem aos 165 anos da Pol\u00edcia Militar do Paran\u00e1. \u201cCom certeza foi uma cerim\u00f4nia muito especial. Em um momento de festividade, \u00e9 muito importante poder relembrar e homenagear o esfor\u00e7o que esses homens e mulheres fizeram pela seguran\u00e7a p\u00fablica do estado do Paran\u00e1. Com certeza, esses oficiais valorosos representam o esfor\u00e7o realizado diuturnamente por cada um dos membros da nossa valorosa Pol\u00edcia Militar do Paran\u00e1. Todos eles desgastam suas pr\u00f3prias vidas em prol da prote\u00e7\u00e3o de toda a sociedade paranaenses\u201d, ressaltou.<\/p>\n\n\n\n<p>Ainda na cerim\u00f4nia foram entregues moedas de reconhecimento e respeito aos ex-comandantes-geral da Pol\u00edcia Militar do Paran\u00e1 coronel S\u00e9rgio Itamar Alves; coronel Raul Victor Lopes; Coronel Daniel C\u00e9sar Maingu\u00e9; coronel Nem\u00e9sio Xavier de Fran\u00e7a Filho; Coronel Luiz&nbsp;Rodrigo&nbsp;larson&nbsp;Carsten; coronel Maur\u00edcio Tortato; e coronel Audilene Rosa de&nbsp;Paula Dias Rocha.<\/p>\n\n\n\n<p><strong>Hist\u00f3ria \u2013<\/strong>\u00a0Em 10 de agosto de 1854, com a denomina\u00e7\u00e3o de Companhia de For\u00e7a Policial, foi criada a Pol\u00edcia Militar do Paran\u00e1 que surgiu como uma unidade de ca\u00e7adores. A corpora\u00e7\u00e3o cresceu e evoluiu, e hoje est\u00e1 voltada aos anseios da comunidade paranaense; garantindo a paz e a prote\u00e7\u00e3o da sociedade, fazendo-se presente em todos os 399 munic\u00edpios do estado. Os batalh\u00f5es t\u00eam sede nos principais centros urbanos, e suas companhias e pelot\u00f5es est\u00e3o distribu\u00eddos pelas localidades circunvizinhas. A PMPR tem por fun\u00e7\u00e3o primordial o\u00a0policiamento\u00a0ostensivo e a preserva\u00e7\u00e3o da ordem p\u00fablica no estado do Paran\u00e1. Ela \u00e9 For\u00e7a Auxiliar e Reserva do Ex\u00e9rcito Brasileiro, e integra o Sistema de Seguran\u00e7a P\u00fablica e Defesa Social do Brasil. Seus integrantes s\u00e3o denominados Militares dos Estados, assim como os membros do Corpo de Bombeiros.<\/p>\n\n\n\n<p><strong>Curiosidade \u2013<\/strong>&nbsp;Durante esses 165 anos de hist\u00f3ria a Pol\u00edcia Militar recebeu in\u00fameras denomina\u00e7\u00f5es. Confira:<\/p>\n\n\n\n<p>* 1854 &#8211; Companhia de For\u00e7a Policial da Prov\u00edncia do Paran\u00e1<\/p>\n\n\n\n<p>* 1874 &#8211; Corpo Policial da Prov\u00edncia do Paran\u00e1<\/p>\n\n\n\n<p>* 1891 &#8211; Corpo Militar de Pol\u00edcia do Estado do Paran\u00e1<\/p>\n\n\n\n<p>* 1892 &#8211; Regimento de Seguran\u00e7a do Estado do Paran\u00e1<\/p>\n\n\n\n<p>* 1917 &#8211; For\u00e7a Militar do Estado do Paran\u00e1<\/p>\n\n\n\n<p>* 1932 &#8211; For\u00e7a P\u00fablica do Estado do Paran\u00e1<\/p>\n\n\n\n<p>* 1939 &#8211; For\u00e7a Policial do Estado do Paran\u00e1<\/p>\n\n\n\n<p>* 1946 &#8211; Pol\u00edcia Militar do Estado do Paran\u00e1<\/p>\n\n\n\n<figure class=\"wp-block-image\"><img decoding=\"async\" src=\"http:\/\/www.assembleia.pr.leg.br\/arquivos\/imagens\/11382\/715\" alt=\"\"\/><\/figure>\n\n\n\n<p>Sess\u00e3o solene em celebra\u00e7\u00e3o aos 165 anos da PMPR foi marcada pela homenagem in memorian a 20 policiais militares que perderam a vida durante o cumprimento do dever. \/ Foto:&nbsp;<strong>D\u00e1lie Felberg\/Alep<\/strong><\/p>\n\n\n\n<figure class=\"wp-block-image\"><img decoding=\"async\" src=\"http:\/\/www.assembleia.pr.leg.br\/arquivos\/imagens\/11383\/715\" alt=\"\"\/><\/figure>\n\n\n\n<p>Sess\u00e3o solene em celebra\u00e7\u00e3o aos 165 anos da PMPR foi marcada pela homenagem in memorian a 20 policiais militares que perderam a vida durante o cumprimento do dever. \/ Foto:\u00a0<strong>Orlando Kissner\/Alep<\/strong><\/p>\n\n\n\n<p>Alep<\/p>\n","protected":false},"excerpt":{"rendered":"<p>Os 165 anos de cria\u00e7\u00e3o da Pol\u00edcia Militar do Paran\u00e1 (PMPR) foram celebrados durante sess\u00e3o solene realizada na noite desta quarta-feira (7), no Plen\u00e1rio da\u00a0Assembleia Legislativa\u00a0do Paran\u00e1 (Alep). A solenidade, proposta pelo deputado Coronel Lee (PSL), al\u00e9m de registrar o anivers\u00e1rio da corpora\u00e7\u00e3o, ainda contou com uma emocionante homenagem a 20 policiais militares que perderam [&hellip;]<\/p>\n","protected":false},"author":2,"featured_media":16598,"comment_status":"open","ping_status":"open","sticky":false,"template":"","format":"standard","meta":{"advanced_seo_description":"","jetpack_seo_html_title":"","jetpack_seo_noindex":false,"_jetpack_memberships_contains_paid_content":false,"footnotes":""},"categories":[43],"tags":[],"class_list":{"0":"post-16597","1":"post","2":"type-post","3":"status-publish","4":"format-standard","5":"has-post-thumbnail","7":"category-cotidiano"},"jetpack_featured_media_url":"https:\/\/www.paranapraia.com.br\/wp-content\/uploads\/2019\/08\/choq.jpg","jetpack_sharing_enabled":true,"_links":{"self":[{"href":"https:\/\/www.paranapraia.com.br\/index.php\/wp-json\/wp\/v2\/posts\/16597"}],"collection":[{"href":"https:\/\/www.paranapraia.com.br\/index.php\/wp-json\/wp\/v2\/posts"}],"about":[{"href":"https:\/\/www.paranapraia.com.br\/index.php\/wp-json\/wp\/v2\/types\/post"}],"author":[{"embeddable":true,"href":"https:\/\/www.paranapraia.com.br\/index.php\/wp-json\/wp\/v2\/users\/2"}],"replies":[{"embeddable":true,"href":"https:\/\/www.paranapraia.com.br\/index.php\/wp-json\/wp\/v2\/comments?post=16597"}],"version-history":[{"count":1,"href":"https:\/\/www.paranapraia.com.br\/index.php\/wp-json\/wp\/v2\/posts\/16597\/revisions"}],"predecessor-version":[{"id":16599,"href":"https:\/\/www.paranapraia.com.br\/index.php\/wp-json\/wp\/v2\/posts\/16597\/revisions\/16599"}],"wp:featuredmedia":[{"embeddable":true,"href":"https:\/\/www.paranapraia.com.br\/index.php\/wp-json\/wp\/v2\/media\/16598"}],"wp:attachment":[{"href":"https:\/\/www.paranapraia.com.br\/index.php\/wp-json\/wp\/v2\/media?parent=16597"}],"wp:term":[{"taxonomy":"category","embeddable":true,"href":"https:\/\/www.paranapraia.com.br\/index.php\/wp-json\/wp\/v2\/categories?post=16597"},{"taxonomy":"post_tag","embeddable":true,"href":"https:\/\/www.paranapraia.com.br\/index.php\/wp-json\/wp\/v2\/tags?post=16597"}],"curies":[{"name":"wp","href":"https:\/\/api.w.org\/{rel}","templated":true}]}}