{"id":16592,"date":"2019-08-09T10:20:51","date_gmt":"2019-08-09T13:20:51","guid":{"rendered":"https:\/\/www.paranapraia.com.br\/?p=16592"},"modified":"2019-08-09T10:20:53","modified_gmt":"2019-08-09T13:20:53","slug":"cursos-gratuitos-de-panificacao-e-confeitaria-melhoram-a-renda-dos-participantes-em-pontal-do-parana","status":"publish","type":"post","link":"https:\/\/www.paranapraia.com.br\/index.php\/2019\/08\/09\/cursos-gratuitos-de-panificacao-e-confeitaria-melhoram-a-renda-dos-participantes-em-pontal-do-parana\/","title":{"rendered":"Cursos gratuitos de panifica\u00e7\u00e3o e confeitaria melhoram a renda dos participantes em Pontal do Paran\u00e1"},"content":{"rendered":"\n<p><br>A Prefeitura de Pontal do Paran\u00e1 em parceria com o Provopar &#8211; Programa do Voluntariado Paranaense e Senac &#8211; Servi\u00e7o Nacional de Aprendizagem Comercial \u2013 est\u00e1 oferecendo \u00e0 comunidade pontalense cursos gratuitos na \u00e1rea de panifica\u00e7\u00e3o e confeitaria<\/p>\n\n\n\n<p>Os alunos est\u00e3o h\u00e1 duas semanas recebendo o treinamento e as t\u00e9cnicas dos professores do Senac. O prefeito Marcos Fioravante disse que \u00e9 vis\u00edvel nas alunas a empolga\u00e7\u00e3o por receber um conhecimento que pode gerar mais renda e qualidade de vida para as fam\u00edlias.<\/p>\n\n\n\n<p>&#8220;\u00c9 muito bom saber que as pessoas que est\u00e3o fazendo o curso est\u00e3o felizes, um curso que pode chegar at\u00e9 a quatro mil reais sendo ofertado gratuitamente, esperamos trazer mais parcerias como essa para nossa popula\u00e7\u00e3o em breve&#8221;, disse o prefeito.<\/p>\n\n\n\n<p>Adaptada com equipamentos de cozinha, a unidade m\u00f3vel, que tem 58 m\u00b2, \u00e9 uma sala itinerante que leva cursos de capacita\u00e7\u00e3o gratuitos. Est\u00e3o sendo disponibilizadas aos alunos tr\u00eas modalidades de curso no per\u00edodo do dia (manh\u00e3 e tarde) com quarenta horas cada, e mais sete cursos de curta dura\u00e7\u00e3o (15 ou 21 horas) que ser\u00e3o oferecidos no per\u00edodo da noite e tamb\u00e9m aos s\u00e1bados.<\/p>\n\n\n\n<p>A empolga\u00e7\u00e3o dentro da unidade m\u00f3vel \u00e9 evidente, de acordo com a aluna Cristiane Ferreira da Silva as t\u00e9cnicas que est\u00e3o sendo mostradas j\u00e1 ajudam no desenvolvimento de novas receitas e j\u00e1 garantiram novos clientes.<\/p>\n\n\n\n<figure class=\"wp-block-image\"><img loading=\"lazy\" decoding=\"async\" width=\"904\" height=\"600\" src=\"https:\/\/www.paranapraia.com.br\/wp-content\/uploads\/2019\/08\/conf2.jpg\" alt=\"\" class=\"wp-image-16641\" srcset=\"https:\/\/www.paranapraia.com.br\/wp-content\/uploads\/2019\/08\/conf2.jpg 904w, https:\/\/www.paranapraia.com.br\/wp-content\/uploads\/2019\/08\/conf2-300x199.jpg 300w, https:\/\/www.paranapraia.com.br\/wp-content\/uploads\/2019\/08\/conf2-768x510.jpg 768w, https:\/\/www.paranapraia.com.br\/wp-content\/uploads\/2019\/08\/conf2-696x462.jpg 696w, https:\/\/www.paranapraia.com.br\/wp-content\/uploads\/2019\/08\/conf2-633x420.jpg 633w\" sizes=\"(max-width: 904px) 100vw, 904px\" \/><\/figure>\n\n\n\n<p>&#8220;Quando nossos clientes sabem que estamos nos aperfei\u00e7oando eles acabam aumentando o volume de compras e o nosso pre\u00e7o muda porque agregamos mais valor em nossos produtos, j\u00e1 tenho cinco bolos encomendados para o Dia dos Pais, s\u00e3o portas que abrem para a gente e eu agrade\u00e7o muito a oportunidade que nos foi oferecida, pois al\u00e9m de aprender t\u00e9cnicas novas para o meu neg\u00f3cio conheci pessoas maravilhosas&#8221;, completou Cristiane.<\/p>\n\n\n\n<p>A parceria entre a prefeitura e o Senac j\u00e1 trouxe para o munic\u00edpio diversos cursos que ajudaram a popula\u00e7\u00e3o de Pontal do Paran\u00e1 a se capacitar e melhorar a sua renda familiar.<\/p>\n\n\n\n<p>De acordo com a aluna Iara Bernadete de Bortoli, muita gente reclama das coisas da vida mas quando tem uma oportunidade como est\u00e1 n\u00e3o corre atr\u00e1s e n\u00e3o se dedica.<\/p>\n\n\n\n<figure class=\"wp-block-image\"><img loading=\"lazy\" decoding=\"async\" width=\"780\" height=\"526\" src=\"https:\/\/www.paranapraia.com.br\/wp-content\/uploads\/2019\/08\/conf4.jpg\" alt=\"\" class=\"wp-image-16640\" srcset=\"https:\/\/www.paranapraia.com.br\/wp-content\/uploads\/2019\/08\/conf4.jpg 780w, https:\/\/www.paranapraia.com.br\/wp-content\/uploads\/2019\/08\/conf4-300x202.jpg 300w, https:\/\/www.paranapraia.com.br\/wp-content\/uploads\/2019\/08\/conf4-768x518.jpg 768w, https:\/\/www.paranapraia.com.br\/wp-content\/uploads\/2019\/08\/conf4-696x469.jpg 696w, https:\/\/www.paranapraia.com.br\/wp-content\/uploads\/2019\/08\/conf4-623x420.jpg 623w\" sizes=\"(max-width: 780px) 100vw, 780px\" \/><\/figure>\n\n\n\n<p>&#8220;\u00c9 uma oportunidade maravilhosa essa que a prefeitura e o Senac trouxeram para n\u00f3s, s\u00e3o muitas t\u00e9cnicas de culin\u00e1ria que estamos aprendendo e isso vai ajudar muito em nossas atividades, n\u00e3o \u00e9 todo munic\u00edpio que pode oferecer o curso gratuitamente mas Pontal conseguiu, e esse curso vem ajudar muitas fam\u00edlias e donas de casa que buscam em outras atividades melhorar a renda familiar, em nome de todas as alunas quero agradecer o Senac e o prefeito Casquinha que trouxe esses cursos\u00a0gratuitamente para Pontal do Paran\u00e1&#8221;, completou Iara.<\/p>\n\n\n\n<p>Assessoria<\/p>\n","protected":false},"excerpt":{"rendered":"<p>A Prefeitura de Pontal do Paran\u00e1 em parceria com o Provopar &#8211; Programa do Voluntariado Paranaense e Senac &#8211; Servi\u00e7o Nacional de Aprendizagem Comercial \u2013 est\u00e1 oferecendo \u00e0 comunidade pontalense cursos gratuitos na \u00e1rea de panifica\u00e7\u00e3o e confeitaria Os alunos est\u00e3o h\u00e1 duas semanas recebendo o treinamento e as t\u00e9cnicas dos professores do Senac. O [&hellip;]<\/p>\n","protected":false},"author":2,"featured_media":16639,"comment_status":"open","ping_status":"open","sticky":false,"template":"","format":"standard","meta":{"advanced_seo_description":"","jetpack_seo_html_title":"","jetpack_seo_noindex":false,"_jetpack_memberships_contains_paid_content":false,"footnotes":""},"categories":[40],"tags":[],"class_list":{"0":"post-16592","1":"post","2":"type-post","3":"status-publish","4":"format-standard","5":"has-post-thumbnail","7":"category-destaques"},"jetpack_featured_media_url":"https:\/\/www.paranapraia.com.br\/wp-content\/uploads\/2019\/08\/conf1.jpg","jetpack_sharing_enabled":true,"_links":{"self":[{"href":"https:\/\/www.paranapraia.com.br\/index.php\/wp-json\/wp\/v2\/posts\/16592"}],"collection":[{"href":"https:\/\/www.paranapraia.com.br\/index.php\/wp-json\/wp\/v2\/posts"}],"about":[{"href":"https:\/\/www.paranapraia.com.br\/index.php\/wp-json\/wp\/v2\/types\/post"}],"author":[{"embeddable":true,"href":"https:\/\/www.paranapraia.com.br\/index.php\/wp-json\/wp\/v2\/users\/2"}],"replies":[{"embeddable":true,"href":"https:\/\/www.paranapraia.com.br\/index.php\/wp-json\/wp\/v2\/comments?post=16592"}],"version-history":[{"count":1,"href":"https:\/\/www.paranapraia.com.br\/index.php\/wp-json\/wp\/v2\/posts\/16592\/revisions"}],"predecessor-version":[{"id":16642,"href":"https:\/\/www.paranapraia.com.br\/index.php\/wp-json\/wp\/v2\/posts\/16592\/revisions\/16642"}],"wp:featuredmedia":[{"embeddable":true,"href":"https:\/\/www.paranapraia.com.br\/index.php\/wp-json\/wp\/v2\/media\/16639"}],"wp:attachment":[{"href":"https:\/\/www.paranapraia.com.br\/index.php\/wp-json\/wp\/v2\/media?parent=16592"}],"wp:term":[{"taxonomy":"category","embeddable":true,"href":"https:\/\/www.paranapraia.com.br\/index.php\/wp-json\/wp\/v2\/categories?post=16592"},{"taxonomy":"post_tag","embeddable":true,"href":"https:\/\/www.paranapraia.com.br\/index.php\/wp-json\/wp\/v2\/tags?post=16592"}],"curies":[{"name":"wp","href":"https:\/\/api.w.org\/{rel}","templated":true}]}}