{"id":16584,"date":"2019-08-09T08:27:10","date_gmt":"2019-08-09T11:27:10","guid":{"rendered":"https:\/\/www.paranapraia.com.br\/?p=16584"},"modified":"2019-08-09T08:27:12","modified_gmt":"2019-08-09T11:27:12","slug":"pcpr-prende-duas-pessoas-por-venda-ilegal-de-veneno-e-medicacao-controlada","status":"publish","type":"post","link":"https:\/\/www.paranapraia.com.br\/index.php\/2019\/08\/09\/pcpr-prende-duas-pessoas-por-venda-ilegal-de-veneno-e-medicacao-controlada\/","title":{"rendered":"PCPR prende duas pessoas por venda ilegal de veneno e medica\u00e7\u00e3o controlada"},"content":{"rendered":"\n<p> A Pol\u00edcia Civil do Paran\u00e1 (PCPR) prendeu duas pessoas por venda ilegal de veneno e medica\u00e7\u00e3o controlada entre ter\u00e7a e quarta-feira (7). Os dois ir\u00e3o responder criminalmente e ainda podem ser autuados administrativamente pelas prefeituras de Curitiba e Campo Magro, na Regi\u00e3o Metropolitana de Curitiba.<\/p>\n\n\n\n<p><br>Na ter\u00e7a-feira (6), um homem de 29 anos foi preso por vender rem\u00e9dio de uso veterin\u00e1rio sem autoriza\u00e7\u00e3o em uma loja agropecu\u00e1ria, localizada no bairro Jardim Viviane, na cidade de Campo Magro. Dezenas de unidades do produto, que estavam \u00e0 venda sem qualquer tipo de controle, foram apreendidas no estabelecimento.<\/p>\n\n\n\n<p><br>O gerente do com\u00e9rcio poder\u00e1 ser condenado a at\u00e9 seis meses de pris\u00e3o, al\u00e9m de ter que pagar multa.<\/p>\n\n\n\n<p><br>Na quarta-feira (7), policiais civis prenderam o gerente de um com\u00e9rcio localizado no bairro Fazendinha, em Curitiba. O homem de 61 anos estava vendendo agrot\u00f3xico em embalagem falsificada, sem autoriza\u00e7\u00e3o ambiental. Ele confessou a atividade criminosa.<\/p>\n\n\n\n<p><br>O suspeito foi autuado em flagrante por expor \u00e0 venda agrot\u00f3xico em desacordo com as normas vigentes, e poder\u00e1 ser condenado a at\u00e9 tr\u00eas anos de pris\u00e3o, al\u00e9m de ter que pagar multa.\u00a0<\/p>\n\n\n\n<p><br>Em ambas as ocorr\u00eancias, a PCPR informou as prefeituras de Curitiba e Campo Magro sobre os delitos para que apliquem san\u00e7\u00f5es administrativas. <\/p>\n\n\n\n<p>Assessoria<\/p>\n","protected":false},"excerpt":{"rendered":"<p>A Pol\u00edcia Civil do Paran\u00e1 (PCPR) prendeu duas pessoas por venda ilegal de veneno e medica\u00e7\u00e3o controlada entre ter\u00e7a e quarta-feira (7). Os dois ir\u00e3o responder criminalmente e ainda podem ser autuados administrativamente pelas prefeituras de Curitiba e Campo Magro, na Regi\u00e3o Metropolitana de Curitiba. Na ter\u00e7a-feira (6), um homem de 29 anos foi preso [&hellip;]<\/p>\n","protected":false},"author":2,"featured_media":16585,"comment_status":"open","ping_status":"open","sticky":false,"template":"","format":"standard","meta":{"advanced_seo_description":"","jetpack_seo_html_title":"","jetpack_seo_noindex":false,"_jetpack_memberships_contains_paid_content":false,"footnotes":""},"categories":[33],"tags":[],"class_list":{"0":"post-16584","1":"post","2":"type-post","3":"status-publish","4":"format-standard","5":"has-post-thumbnail","7":"category-policia"},"jetpack_featured_media_url":"https:\/\/www.paranapraia.com.br\/wp-content\/uploads\/2019\/08\/pcccc.jpeg","jetpack_sharing_enabled":true,"_links":{"self":[{"href":"https:\/\/www.paranapraia.com.br\/index.php\/wp-json\/wp\/v2\/posts\/16584"}],"collection":[{"href":"https:\/\/www.paranapraia.com.br\/index.php\/wp-json\/wp\/v2\/posts"}],"about":[{"href":"https:\/\/www.paranapraia.com.br\/index.php\/wp-json\/wp\/v2\/types\/post"}],"author":[{"embeddable":true,"href":"https:\/\/www.paranapraia.com.br\/index.php\/wp-json\/wp\/v2\/users\/2"}],"replies":[{"embeddable":true,"href":"https:\/\/www.paranapraia.com.br\/index.php\/wp-json\/wp\/v2\/comments?post=16584"}],"version-history":[{"count":1,"href":"https:\/\/www.paranapraia.com.br\/index.php\/wp-json\/wp\/v2\/posts\/16584\/revisions"}],"predecessor-version":[{"id":16586,"href":"https:\/\/www.paranapraia.com.br\/index.php\/wp-json\/wp\/v2\/posts\/16584\/revisions\/16586"}],"wp:featuredmedia":[{"embeddable":true,"href":"https:\/\/www.paranapraia.com.br\/index.php\/wp-json\/wp\/v2\/media\/16585"}],"wp:attachment":[{"href":"https:\/\/www.paranapraia.com.br\/index.php\/wp-json\/wp\/v2\/media?parent=16584"}],"wp:term":[{"taxonomy":"category","embeddable":true,"href":"https:\/\/www.paranapraia.com.br\/index.php\/wp-json\/wp\/v2\/categories?post=16584"},{"taxonomy":"post_tag","embeddable":true,"href":"https:\/\/www.paranapraia.com.br\/index.php\/wp-json\/wp\/v2\/tags?post=16584"}],"curies":[{"name":"wp","href":"https:\/\/api.w.org\/{rel}","templated":true}]}}