{"id":16576,"date":"2019-08-09T08:20:39","date_gmt":"2019-08-09T11:20:39","guid":{"rendered":"https:\/\/www.paranapraia.com.br\/?p=16576"},"modified":"2019-08-09T08:20:40","modified_gmt":"2019-08-09T11:20:40","slug":"pcpr-apreende-160-quilos-de-maconha-em-foz-do-iguacu","status":"publish","type":"post","link":"https:\/\/www.paranapraia.com.br\/index.php\/2019\/08\/09\/pcpr-apreende-160-quilos-de-maconha-em-foz-do-iguacu\/","title":{"rendered":"PCPR apreende 160 quilos de maconha em Foz do Igua\u00e7u"},"content":{"rendered":"\n<p> A Pol\u00edcia Civil do Paran\u00e1 (PCPR) apreendeu 160 quilos de maconha em uma resid\u00eancia, em Foz do Igua\u00e7u, na ter\u00e7a-feira (6). Tr\u00eas pessoas foram presas em flagrante e um adolescente de 15 anos foi apreendido na casa, localizada no bairro Vila Miranda. O grupo \u00e9 investigado por praticar pelo menos tr\u00eas roubos na cidade neste ano.<\/p>\n\n\n\n<p><br>Os homens, com idades entre 19 e 24 anos, juntos com o adolescente, seriam os respons\u00e1veis por roubos de carros. De acordo com as v\u00edtimas, elas eram interceptadas na via, obrigadas a descer do ve\u00edculo e em seguida, os criminosos levavam o bem.<\/p>\n\n\n\n<p><br>Na casa dos suspeitos, a PCPR apreendeu 260 tabletes de maconha e armamento. O homem de 24 anos afirmou ter uma pistola de calibre 9 mil\u00edmetros no quarto. A arma estava sobre a cama, carregada com 17 muni\u00e7\u00f5es do mesmo calibre intactos. No mesmo c\u00f4modo os policiais apreenderam 69 muni\u00e7\u00f5es calibre 9 mil\u00edmetros e 31 muni\u00e7\u00f5es calibre 45 mil\u00edmetros.\u00a0<\/p>\n\n\n\n<p><br>Dois ve\u00edculos foram apreendidos na casa: um GM Astra, de cor prata e um Fiat Palio, de cor preta. O \u00faltimo teria sido usado nos roubos.\u00a0<br>Os tr\u00eas homens foram autuados pelos crimes de tr\u00e1fico de drogas, posse ilegal de arma de fogo de uso restrito e associa\u00e7\u00e3o criminosa. O adolescente responder\u00e1 por atos infracionais an\u00e1logos aos crimes cometidos pelos adultos. <\/p>\n\n\n\n<p>Assessoria<\/p>\n","protected":false},"excerpt":{"rendered":"<p>A Pol\u00edcia Civil do Paran\u00e1 (PCPR) apreendeu 160 quilos de maconha em uma resid\u00eancia, em Foz do Igua\u00e7u, na ter\u00e7a-feira (6). Tr\u00eas pessoas foram presas em flagrante e um adolescente de 15 anos foi apreendido na casa, localizada no bairro Vila Miranda. O grupo \u00e9 investigado por praticar pelo menos tr\u00eas roubos na cidade neste [&hellip;]<\/p>\n","protected":false},"author":2,"featured_media":16577,"comment_status":"open","ping_status":"open","sticky":false,"template":"","format":"standard","meta":{"advanced_seo_description":"","jetpack_seo_html_title":"","jetpack_seo_noindex":false,"_jetpack_memberships_contains_paid_content":false,"footnotes":""},"categories":[33],"tags":[],"class_list":{"0":"post-16576","1":"post","2":"type-post","3":"status-publish","4":"format-standard","5":"has-post-thumbnail","7":"category-policia"},"jetpack_featured_media_url":"https:\/\/www.paranapraia.com.br\/wp-content\/uploads\/2019\/08\/maqui.jpeg","jetpack_sharing_enabled":true,"_links":{"self":[{"href":"https:\/\/www.paranapraia.com.br\/index.php\/wp-json\/wp\/v2\/posts\/16576"}],"collection":[{"href":"https:\/\/www.paranapraia.com.br\/index.php\/wp-json\/wp\/v2\/posts"}],"about":[{"href":"https:\/\/www.paranapraia.com.br\/index.php\/wp-json\/wp\/v2\/types\/post"}],"author":[{"embeddable":true,"href":"https:\/\/www.paranapraia.com.br\/index.php\/wp-json\/wp\/v2\/users\/2"}],"replies":[{"embeddable":true,"href":"https:\/\/www.paranapraia.com.br\/index.php\/wp-json\/wp\/v2\/comments?post=16576"}],"version-history":[{"count":1,"href":"https:\/\/www.paranapraia.com.br\/index.php\/wp-json\/wp\/v2\/posts\/16576\/revisions"}],"predecessor-version":[{"id":16578,"href":"https:\/\/www.paranapraia.com.br\/index.php\/wp-json\/wp\/v2\/posts\/16576\/revisions\/16578"}],"wp:featuredmedia":[{"embeddable":true,"href":"https:\/\/www.paranapraia.com.br\/index.php\/wp-json\/wp\/v2\/media\/16577"}],"wp:attachment":[{"href":"https:\/\/www.paranapraia.com.br\/index.php\/wp-json\/wp\/v2\/media?parent=16576"}],"wp:term":[{"taxonomy":"category","embeddable":true,"href":"https:\/\/www.paranapraia.com.br\/index.php\/wp-json\/wp\/v2\/categories?post=16576"},{"taxonomy":"post_tag","embeddable":true,"href":"https:\/\/www.paranapraia.com.br\/index.php\/wp-json\/wp\/v2\/tags?post=16576"}],"curies":[{"name":"wp","href":"https:\/\/api.w.org\/{rel}","templated":true}]}}