{"id":16569,"date":"2019-08-09T08:17:06","date_gmt":"2019-08-09T11:17:06","guid":{"rendered":"https:\/\/www.paranapraia.com.br\/?p=16569"},"modified":"2019-08-09T08:17:07","modified_gmt":"2019-08-09T11:17:07","slug":"abertas-as-inscricoes-para-a-16a-corrida-de-rua-da-pcpr","status":"publish","type":"post","link":"https:\/\/www.paranapraia.com.br\/index.php\/2019\/08\/09\/abertas-as-inscricoes-para-a-16a-corrida-de-rua-da-pcpr\/","title":{"rendered":"Abertas as inscri\u00e7\u00f5es para a 16\u00aa Corrida de Rua da PCPR"},"content":{"rendered":"\n<p>\n\nA Pol\u00edcia Civil do Paran\u00e1 (PCPR) est\u00e1 com inscri\u00e7\u00f5es abertas para a 16\u00aa Corrida de Rua da PCPR, que ser\u00e1 realizada no dia 15 de setembro em Curitiba. O evento \u00e9 aberto ao p\u00fablico em geral e alusivo ao anivers\u00e1rio da PCPR e da Escola Superior da Pol\u00edcia Civil.&nbsp;<\/p>\n\n\n\n<p>Os interessados podem optar pelas provas de cinco ou 10 quil\u00f4metros. A inscri\u00e7\u00e3o efetivada at\u00e9 o dia 20 de agosto pode ser feita a partir de R$ 55 mais taxas para o p\u00fablico geral e a partir de R$ 40 mais taxas para os policiais civis. Pessoas a partir de 60 anos ter\u00e3o desconto de 50% em qualquer tipo de inscri\u00e7\u00e3o.<\/p>\n\n\n\n<p>O kit completo inclui camiseta, chip, n\u00famero de peito, chip eletr\u00f4nico, medalha, \u00e1gua e frutas para depois da prova. J\u00e1 o kit econ\u00f4mico ter\u00e1 chip, n\u00famero de peito, chip eletr\u00f4nico, medalha, \u00e1gua e frutas p\u00f3s prova.<br>A inscri\u00e7\u00e3o deve ser feita pela internet\u00a0<a href=\"https:\/\/www.ticketagora.com.br\/e\/XVI-CORRIDA-DA-POLICIA-CIVIL-DO-PARANA-28522?origem=assessocor\">AQUI.<\/a><br>O regulamento pode ser baixado\u00a0<a href=\"https:\/\/storagefileta.blob.core.windows.net\/ticketagora\/arquivos\/evento\/28522\/b9f4e2c6bef34d3ba945e997df97ebc7637001919872626267.pdf\">AQUI<\/a>. <\/p>\n\n\n\n<p>Assessoria<\/p>\n","protected":false},"excerpt":{"rendered":"<p>A Pol\u00edcia Civil do Paran\u00e1 (PCPR) est\u00e1 com inscri\u00e7\u00f5es abertas para a 16\u00aa Corrida de Rua da PCPR, que ser\u00e1 realizada no dia 15 de setembro em Curitiba. O evento \u00e9 aberto ao p\u00fablico em geral e alusivo ao anivers\u00e1rio da PCPR e da Escola Superior da Pol\u00edcia Civil.&nbsp; Os interessados podem optar pelas provas [&hellip;]<\/p>\n","protected":false},"author":2,"featured_media":16570,"comment_status":"open","ping_status":"open","sticky":false,"template":"","format":"standard","meta":{"advanced_seo_description":"","jetpack_seo_html_title":"","jetpack_seo_noindex":false,"_jetpack_memberships_contains_paid_content":false,"footnotes":""},"categories":[33],"tags":[],"class_list":{"0":"post-16569","1":"post","2":"type-post","3":"status-publish","4":"format-standard","5":"has-post-thumbnail","7":"category-policia"},"jetpack_featured_media_url":"https:\/\/www.paranapraia.com.br\/wp-content\/uploads\/2019\/08\/cro.jpg","jetpack_sharing_enabled":true,"_links":{"self":[{"href":"https:\/\/www.paranapraia.com.br\/index.php\/wp-json\/wp\/v2\/posts\/16569"}],"collection":[{"href":"https:\/\/www.paranapraia.com.br\/index.php\/wp-json\/wp\/v2\/posts"}],"about":[{"href":"https:\/\/www.paranapraia.com.br\/index.php\/wp-json\/wp\/v2\/types\/post"}],"author":[{"embeddable":true,"href":"https:\/\/www.paranapraia.com.br\/index.php\/wp-json\/wp\/v2\/users\/2"}],"replies":[{"embeddable":true,"href":"https:\/\/www.paranapraia.com.br\/index.php\/wp-json\/wp\/v2\/comments?post=16569"}],"version-history":[{"count":1,"href":"https:\/\/www.paranapraia.com.br\/index.php\/wp-json\/wp\/v2\/posts\/16569\/revisions"}],"predecessor-version":[{"id":16571,"href":"https:\/\/www.paranapraia.com.br\/index.php\/wp-json\/wp\/v2\/posts\/16569\/revisions\/16571"}],"wp:featuredmedia":[{"embeddable":true,"href":"https:\/\/www.paranapraia.com.br\/index.php\/wp-json\/wp\/v2\/media\/16570"}],"wp:attachment":[{"href":"https:\/\/www.paranapraia.com.br\/index.php\/wp-json\/wp\/v2\/media?parent=16569"}],"wp:term":[{"taxonomy":"category","embeddable":true,"href":"https:\/\/www.paranapraia.com.br\/index.php\/wp-json\/wp\/v2\/categories?post=16569"},{"taxonomy":"post_tag","embeddable":true,"href":"https:\/\/www.paranapraia.com.br\/index.php\/wp-json\/wp\/v2\/tags?post=16569"}],"curies":[{"name":"wp","href":"https:\/\/api.w.org\/{rel}","templated":true}]}}