{"id":15080,"date":"2019-07-15T11:08:18","date_gmt":"2019-07-15T14:08:18","guid":{"rendered":"https:\/\/www.paranapraia.com.br\/?p=15080"},"modified":"2019-07-15T11:08:22","modified_gmt":"2019-07-15T14:08:22","slug":"com-a-participacao-de-centenas-de-pessoas-foi-encerrada-a-1a-mostra-cultural-de-educacao-infantil-de-pontal-do-parana","status":"publish","type":"post","link":"https:\/\/www.paranapraia.com.br\/index.php\/2019\/07\/15\/com-a-participacao-de-centenas-de-pessoas-foi-encerrada-a-1a-mostra-cultural-de-educacao-infantil-de-pontal-do-parana\/","title":{"rendered":"Com a participa\u00e7\u00e3o de centenas de pessoas, foi encerrada a 1\u00aa Mostra Cultural de Educa\u00e7\u00e3o Infantil de Pontal do Paran\u00e1"},"content":{"rendered":"\n<p>Na tarde de sexta-feira (12) a Prefeitura de Pontal do Paran\u00e1, por meio da secretaria de Educa\u00e7\u00e3o promoveu o evento de encerramento da 1\u00aa Mostra Cultural de Educa\u00e7\u00e3o Infantil de Pontal do Paran\u00e1. O evento foi realizado no Centro de Capacita\u00e7\u00e3o de Praia de Leste e contou com a participa\u00e7\u00e3o de centenas de pessoas, pais, alunos, professores e comunidade escolar.<br>&nbsp;<\/p>\n\n\n\n<p>Durante o andamento do projeto, as escolas fizeram a exibi\u00e7\u00e3o de trabalhos realizados pelos alunos dos Centros de Educa\u00e7\u00e3o Infantil &#8211; CMEIS no sagu\u00e3o da Prefeitura para que toda a popula\u00e7\u00e3o pudesse ver durante v\u00e1rios dias a decora\u00e7\u00e3o l\u00fadica e criativa das crian\u00e7as.<br>&nbsp;<\/p>\n\n\n\n<p>O prefeito Marcos Fioravante (Casquinha) estava presente no encerramento onde pode assistir todas as apresenta\u00e7\u00f5es e emocionado afirmou que investir no desenvolvimento das crian\u00e7as nos primeiros anos dentro da escola despertam no aluno a vontade de participar cada vez mais junto \u00e0 comunidade escolar.<br>&nbsp;<\/p>\n\n\n\n<p>&#8220;O que vimos foi um verdadeiro show dessas crian\u00e7as que s\u00e3o t\u00e3o bem cuidadas em seus CMEIS, tivemos a oportunidade de ver a alegria dos pequeninos e a emo\u00e7\u00e3o dos pais em ver seus filhos se divertindo e apresentando os trabalhos, criativos e de muito bom gosto coordenados pelas professoras, parab\u00e9ns as equipes da educa\u00e7\u00e3o infantil que fizeram um trabalho maravilhoso, e com certeza esse ser\u00e1 a primeira mostra cultural de muitas que vir\u00e3o, foi realmente emocionante&#8221;, completou o prefeito Marcos Fioravante.<br>&nbsp;<\/p>\n\n\n\n<p>A secret\u00e1ria de Educa\u00e7\u00e3o, Cleonice Nascimento, explicou que os alunos montaram diversos trabalhos juntamente com os professores, e foram apresentados na sede da Prefeitura durante v\u00e1rios dias.<br><br>&#8220;Depois da amostra na Prefeitura tivemos o grande dia, o show das crian\u00e7as no encerramento que foi uma grande festa. Os trabalhos foram direcionados aos temas como preserva\u00e7\u00e3o do meio ambiente e ecologia, nas atividades realizadas e durante as apresenta\u00e7\u00f5es \u00e9 que notamos que a qualidade da educa\u00e7\u00e3o oferecida aos alunos \u00e9 de extrema qualidade, parabenizamos toda equipe da secretaria de Educa\u00e7\u00e3o pelo excelente trabalho\u201d, disse secret\u00e1ria.<br>&nbsp;<\/p>\n\n\n\n<p>A diretora geral da Educa\u00e7\u00e3o Infantil, Elis\u00e2ngela Guimaraes Rocha, disse que o encerramento da Mostra superou as expectativas de p\u00fablico e de qualidade nas apresenta\u00e7\u00f5es preparadas pelos professores.<br>&nbsp;<\/p>\n\n\n\n<p>&#8220;Essa foi a primeira vez que realizamos uma mostra cultural da educa\u00e7\u00e3o infantil, uma experi\u00eancia incr\u00edvel e que vamos repetir, tivemos o encerramento com o tema relacionado ao meio ambiente onde todas as diretoras, pedagogas e equipe desenvolveram trabalhos de amostra como teatro e dan\u00e7a para o encerramento do semestre letivo, todos os CMEIS e seus alunos de 6 meses a cinco anos de idade participaram e os pais ficaram muito felizes em ver o desenvolvimento social dos seus pequenos, esse foi o primeiro evento do munic\u00edpio, um trabalho maravilhosos, onde todos envolvidos trabalharam muito para realizarmos essa grande festa junto aos alunos, professores e pais, parab\u00e9ns a todos&#8221;, disse Elis\u00e2ngela.<br>&nbsp;<\/p>\n\n\n\n<p>A t\u00e9cnica pedag\u00f3gica no N\u00facleo Regional de Educa\u00e7\u00e3o da secretaria estadual de Educa\u00e7\u00e3o, Janete Lodi, afirmou que em Pontal do Paran\u00e1 o conte\u00fado oferecido junto a parte pedag\u00f3gica, e especialmente o carinho com que todos s\u00e3o tratados faz com que os alunos se desenvolvam mais criativos e felizes dentro do ambiente escolar.<br>&nbsp;<\/p>\n\n\n\n<p>&#8220;J\u00e1 estive aqui visitando alguns CMEIS e achei de uma organiza\u00e7\u00e3o \u00edmpar, a criatividade dos professores, tudo que preconiza o trabalho com as crian\u00e7as que s\u00e3o tratadas com muita delicadeza e sutileza, pedagogicamente todas essas crian\u00e7as ter\u00e3o um desenvolvimento muito grande porque trabalham com desenvolvimento cognitivo, psicomotricidade e estou muito feliz em ver o fruto desse trabalho e dos professores nesse encerramento de Mostra, temos uma parceria muito prof\u00edcua do Governo do Estado com a Prefeitura de Pontal e quando tenho a oportunidade de ser convidada para ver o trabalho desenvolvido pela secretaria de Educa\u00e7\u00e3o do munic\u00edpio me sinto lisonjeada&#8221;, finalizou a representante do Governo, Janete Lodi.<br>&nbsp;<\/p>\n\n\n\n<p>Andr\u00e9ia Cristina Dias, \u00e9 m\u00e3e dos alunos Pedro Henrique e Emanuelle e falou sobre a qualidade e cuidado que seus filhos tem todos os dias dentro dos CMEIS.<br>&nbsp;<\/p>\n\n\n\n<p>\u201cAs crian\u00e7as s\u00e3o muito bem cuidadas nos CMEIS da Prefeitura onde os professores t\u00eam um cuidado muito grande e com muito carinho ficam com nossos tesouros, esse projeto est\u00e1 sendo bem legal pois apresenta todas as escolas e todos os alunos felizes e se divertindo, para mim como m\u00e3e de alunos s\u00f3 posso agradecer todo carinho e aten\u00e7\u00e3o dispensada a\u00a0eles, meus filhos ficaram super ansiosos e contentes com esse trabalho maravilhoso que foi apresentado\u201d, finalizou Andr\u00e9ia.<\/p>\n\n\n\n<p>Assessoria<\/p>\n","protected":false},"excerpt":{"rendered":"<p>Na tarde de sexta-feira (12) a Prefeitura de Pontal do Paran\u00e1, por meio da secretaria de Educa\u00e7\u00e3o promoveu o evento de encerramento da 1\u00aa Mostra Cultural de Educa\u00e7\u00e3o Infantil de Pontal do Paran\u00e1. O evento foi realizado no Centro de Capacita\u00e7\u00e3o de Praia de Leste e contou com a participa\u00e7\u00e3o de centenas de pessoas, pais, [&hellip;]<\/p>\n","protected":false},"author":2,"featured_media":15081,"comment_status":"open","ping_status":"open","sticky":false,"template":"","format":"standard","meta":{"advanced_seo_description":"","jetpack_seo_html_title":"","jetpack_seo_noindex":false,"_jetpack_memberships_contains_paid_content":false,"footnotes":""},"categories":[40],"tags":[],"class_list":{"0":"post-15080","1":"post","2":"type-post","3":"status-publish","4":"format-standard","5":"has-post-thumbnail","7":"category-destaques"},"jetpack_featured_media_url":"https:\/\/www.paranapraia.com.br\/wp-content\/uploads\/2019\/07\/IMG_0244-1.jpg","jetpack_sharing_enabled":true,"_links":{"self":[{"href":"https:\/\/www.paranapraia.com.br\/index.php\/wp-json\/wp\/v2\/posts\/15080"}],"collection":[{"href":"https:\/\/www.paranapraia.com.br\/index.php\/wp-json\/wp\/v2\/posts"}],"about":[{"href":"https:\/\/www.paranapraia.com.br\/index.php\/wp-json\/wp\/v2\/types\/post"}],"author":[{"embeddable":true,"href":"https:\/\/www.paranapraia.com.br\/index.php\/wp-json\/wp\/v2\/users\/2"}],"replies":[{"embeddable":true,"href":"https:\/\/www.paranapraia.com.br\/index.php\/wp-json\/wp\/v2\/comments?post=15080"}],"version-history":[{"count":1,"href":"https:\/\/www.paranapraia.com.br\/index.php\/wp-json\/wp\/v2\/posts\/15080\/revisions"}],"predecessor-version":[{"id":15082,"href":"https:\/\/www.paranapraia.com.br\/index.php\/wp-json\/wp\/v2\/posts\/15080\/revisions\/15082"}],"wp:featuredmedia":[{"embeddable":true,"href":"https:\/\/www.paranapraia.com.br\/index.php\/wp-json\/wp\/v2\/media\/15081"}],"wp:attachment":[{"href":"https:\/\/www.paranapraia.com.br\/index.php\/wp-json\/wp\/v2\/media?parent=15080"}],"wp:term":[{"taxonomy":"category","embeddable":true,"href":"https:\/\/www.paranapraia.com.br\/index.php\/wp-json\/wp\/v2\/categories?post=15080"},{"taxonomy":"post_tag","embeddable":true,"href":"https:\/\/www.paranapraia.com.br\/index.php\/wp-json\/wp\/v2\/tags?post=15080"}],"curies":[{"name":"wp","href":"https:\/\/api.w.org\/{rel}","templated":true}]}}