{"id":15076,"date":"2019-07-11T17:32:02","date_gmt":"2019-07-11T20:32:02","guid":{"rendered":"https:\/\/www.paranapraia.com.br\/?p=15076"},"modified":"2019-07-11T17:32:04","modified_gmt":"2019-07-11T20:32:04","slug":"encerramento-das-atividades-do-premio-mpt-na-escola-2019-premia-alunos-vencedores-em-pontal-do-parana","status":"publish","type":"post","link":"https:\/\/www.paranapraia.com.br\/index.php\/2019\/07\/11\/encerramento-das-atividades-do-premio-mpt-na-escola-2019-premia-alunos-vencedores-em-pontal-do-parana\/","title":{"rendered":"Encerramento das atividades do Pr\u00eamio MPT na Escola 2019 premia alunos vencedores em Pontal do Paran\u00e1"},"content":{"rendered":"\n<p>Foi realizada na manh\u00e3 desta quinta-feira (11) no audit\u00f3rio da Secretaria Municipal de Educa\u00e7\u00e3o (SMED) o encerramento das atividades do Pr\u00eamio MPT na Escola 2019. Estavam presentes o prefeito Marcos Fioravante (Casquinha); a secret\u00e1ria de Educa\u00e7\u00e3o, Cleonice Silva do Nascimento; a secret\u00e1ria de Assist\u00eancia Social, Regiane T\u00falio, al\u00e9m de alunos, pais de alunos, coordenadores, professores, a comunidade escolar e diretores.<br>&nbsp;<\/p>\n\n\n\n<p>O prefeito de Pontal do Paran\u00e1, Marcos Fioravante (Casquinha), falou sobre a import\u00e2ncia em investir na forma\u00e7\u00e3o das crian\u00e7as por meio de concursos que ampliam o conhecimento.<br>&nbsp;<\/p>\n\n\n\n<p>&#8220;Temos orgulho de participar desse concurso e termos escolas aqui em nosso munic\u00edpio que j\u00e1 receberam diversos pr\u00eamios, esse concurso movimenta os alunos do 4\u00ba e 5\u00ba anos que ficam empolgados e ansiosos com o resultado, que premia alunos e tamb\u00e9m a sua escola, \u00e9 um projeto magn\u00edfico que deixa os pais e os professores muito orgulhosos com os trabalhos&#8221;, completou o prefeito Marcos Fioravante.<\/p>\n\n\n\n<p>O Pr\u00eamio MPT na Escola tem por objetivo fomentar a participa\u00e7\u00e3o de crian\u00e7as e adolescentes nas a\u00e7\u00f5es de mobiliza\u00e7\u00e3o, conscientiza\u00e7\u00e3o e preven\u00e7\u00e3o do trabalho infantil e da prote\u00e7\u00e3o do adolescente trabalhador; reconhecer e divulgar os melhores trabalhos liter\u00e1rios, art\u00edsticos e culturais produzidos pelos alunos, bem como a dedica\u00e7\u00e3o dos educadores envolvidos nas a\u00e7\u00f5es de preven\u00e7\u00f5es \u00e0 viola\u00e7\u00e3o dos direitos de crian\u00e7as e adolescentes.<br>&nbsp;<\/p>\n\n\n\n<p>Segundo a assistente social e coordenadora do CREAS &#8211; Centro de Refer\u00eancia Especializado de Assist\u00eancia Social, K\u00e1tia Salom\u00e3o de Souza Cordeiro, o trabalho infantil \u00e9 uma das causas do risco social que levam as fam\u00edlias muitas vezes ao CREAS para um acompanhamento profissional.<br>&nbsp;<\/p>\n\n\n\n<p>&#8220;Nesse sentido o CREAS est\u00e1 envolvido com o tema, a gente tamb\u00e9m faz a\u00e7\u00f5es e atividades de mobiliza\u00e7\u00e3o contra trabalho infantil, e esses tipos de concursos s\u00e3o um grande incentivo e geram muitos resultados. E trabalhar isso na parte pedag\u00f3gica \u00e9 essencial, inclusive n\u00e3o s\u00f3 resultado com as crian\u00e7as porque elas passam a entender de forma simples, e repassam o conhecimento \u00e0 fam\u00edlia. As crian\u00e7as come\u00e7am a diferenciar tamb\u00e9m que o trabalho infantil n\u00e3o \u00e9 voc\u00ea ajudar sua m\u00e3e em uma atividade dom\u00e9stica junto com sua fam\u00edlia mas sim ser obrigado a trabalhar. Isso com certeza \u00e9 muito importante para as fam\u00edlias.<br>&nbsp;<\/p>\n\n\n\n<p>A secret\u00e1ria de Educa\u00e7\u00e3o, Cleonice Silva do Nascimento, completou dizendo que a premia\u00e7\u00e3o municipal do MPT (Minist\u00e9rio P\u00fablico do Trabalho) \u00e9 um programa que o Minist\u00e9rio P\u00fablico do Trabalho tem contra o trabalho infantil onde \u00e9 desenvolvido um trabalho na escola para que as crian\u00e7as tomem consci\u00eancia do assunto.<\/p>\n\n\n\n<p><br>&#8220;Na nossa gest\u00e3o \u00e9 o segundo ano que estamos participando e sempre temos resultados excelentes. N\u00f3s temos uma escola no munic\u00edpio que \u00e9 a Anita Mir\u00f3, ela j\u00e1 foi premiada pelo estadual e nos quatro anos que teve de projeto. E as premia\u00e7\u00f5es do MTP s\u00e3o muito boas, tem ajudado muito as escolas, inclusive a \u00faltima premia\u00e7\u00e3o que a Anita Mir\u00f3 trouxe para o munic\u00edpio eles montaram uma biblioteca, que \u00e9 maravilhosa. A gente est\u00e1 fazendo essa etapa municipal para poder premiar as crian\u00e7as e valoriz\u00e1-las. Esse programa \u00e9 de extrema import\u00e2ncia pedagogicamente, porque ele trabalha a quest\u00e3o de poesia, poema, canto, al\u00e9m do trabalho interno, eles fazem trabalho de campo que tem uma abrang\u00eancia ainda maior, ele \u00e9 muito rico na quest\u00e3o pedag\u00f3gica&#8221;, afirmou a secretaria.<br>&nbsp;<\/p>\n\n\n\n<p>Os vencedores do Pr\u00eamio MPT na Escola 2019 (etapa municipal), escolhidos em suas respectivas categorias s\u00e3o: Escola Anita Mir\u00f3 e sua aluna Giovanna da Silveira Nunes (Conto); Escola Amatuzzi e seus alunos; Davily da Silva Dias, Andrey Lu\u00eds Portela de Jesus, Juliano Francisco Leandro Vaz e Izadora Lucia da Silva (Curta Metragem); Escola Anita Mir\u00f3 e seu aluno Jo\u00e3o Guilherme Lopes da Silva (Desenho); Escola Anita Mir\u00f3 e seus alunos Bryan Obiawa de Miranda de Paula, Giovanna Silveira Nunes, Isabella Caroline da Rosa Correia, Kauani Semczuk de Andrade (M\u00fasica) e Escola Primavera e sua aluna Rayssa Aparecida de Souza (Poesia).<\/p>\n\n\n\n<p>Assessoria<\/p>\n","protected":false},"excerpt":{"rendered":"<p>Foi realizada na manh\u00e3 desta quinta-feira (11) no audit\u00f3rio da Secretaria Municipal de Educa\u00e7\u00e3o (SMED) o encerramento das atividades do Pr\u00eamio MPT na Escola 2019. Estavam presentes o prefeito Marcos Fioravante (Casquinha); a secret\u00e1ria de Educa\u00e7\u00e3o, Cleonice Silva do Nascimento; a secret\u00e1ria de Assist\u00eancia Social, Regiane T\u00falio, al\u00e9m de alunos, pais de alunos, coordenadores, professores, [&hellip;]<\/p>\n","protected":false},"author":2,"featured_media":15077,"comment_status":"open","ping_status":"open","sticky":false,"template":"","format":"standard","meta":{"advanced_seo_description":"","jetpack_seo_html_title":"","jetpack_seo_noindex":false,"_jetpack_memberships_contains_paid_content":false,"footnotes":""},"categories":[40],"tags":[],"class_list":{"0":"post-15076","1":"post","2":"type-post","3":"status-publish","4":"format-standard","5":"has-post-thumbnail","7":"category-destaques"},"jetpack_featured_media_url":"https:\/\/www.paranapraia.com.br\/wp-content\/uploads\/2019\/07\/1-1.jpg","jetpack_sharing_enabled":true,"_links":{"self":[{"href":"https:\/\/www.paranapraia.com.br\/index.php\/wp-json\/wp\/v2\/posts\/15076"}],"collection":[{"href":"https:\/\/www.paranapraia.com.br\/index.php\/wp-json\/wp\/v2\/posts"}],"about":[{"href":"https:\/\/www.paranapraia.com.br\/index.php\/wp-json\/wp\/v2\/types\/post"}],"author":[{"embeddable":true,"href":"https:\/\/www.paranapraia.com.br\/index.php\/wp-json\/wp\/v2\/users\/2"}],"replies":[{"embeddable":true,"href":"https:\/\/www.paranapraia.com.br\/index.php\/wp-json\/wp\/v2\/comments?post=15076"}],"version-history":[{"count":1,"href":"https:\/\/www.paranapraia.com.br\/index.php\/wp-json\/wp\/v2\/posts\/15076\/revisions"}],"predecessor-version":[{"id":15078,"href":"https:\/\/www.paranapraia.com.br\/index.php\/wp-json\/wp\/v2\/posts\/15076\/revisions\/15078"}],"wp:featuredmedia":[{"embeddable":true,"href":"https:\/\/www.paranapraia.com.br\/index.php\/wp-json\/wp\/v2\/media\/15077"}],"wp:attachment":[{"href":"https:\/\/www.paranapraia.com.br\/index.php\/wp-json\/wp\/v2\/media?parent=15076"}],"wp:term":[{"taxonomy":"category","embeddable":true,"href":"https:\/\/www.paranapraia.com.br\/index.php\/wp-json\/wp\/v2\/categories?post=15076"},{"taxonomy":"post_tag","embeddable":true,"href":"https:\/\/www.paranapraia.com.br\/index.php\/wp-json\/wp\/v2\/tags?post=15076"}],"curies":[{"name":"wp","href":"https:\/\/api.w.org\/{rel}","templated":true}]}}