{"id":15068,"date":"2019-07-11T10:00:30","date_gmt":"2019-07-11T13:00:30","guid":{"rendered":"https:\/\/www.paranapraia.com.br\/?p=15068"},"modified":"2019-07-11T10:00:33","modified_gmt":"2019-07-11T13:00:33","slug":"policia-prende-vo-de-69-anos-por-abusar-de-neta-de-tres-no-parana","status":"publish","type":"post","link":"https:\/\/www.paranapraia.com.br\/index.php\/2019\/07\/11\/policia-prende-vo-de-69-anos-por-abusar-de-neta-de-tres-no-parana\/","title":{"rendered":"Pol\u00edcia prende v\u00f4 de 69 anos por abusar de neta de tr\u00eas no Paran\u00e1"},"content":{"rendered":"\n<h4 class=\"wp-block-heading\">Ele \u00e9 suspeito de abusar sexualmente da neta de tr\u00eas anos<\/h4>\n\n\n\n<p>A Pol\u00edcia Civil do Paran\u00e1 (PCPR) prendeu, nesta ter\u00e7a-feira (9), um idoso de 69 anos por estupro de vulner\u00e1vel, em Arapongas,\u00a0<strong>regi\u00e3o norte<\/strong>\u00a0do Estado. Ele \u00e9 suspeito de abusar sexualmente da neta de tr\u00eas anos, que relatou \u00e0 m\u00e3e como\u00a0<strong>ocorreu o crime.<\/strong><\/p>\n\n\n\n<p>O caso veio \u00e0 tona no momento em que a crian\u00e7a foi examinada por um m\u00e9dico no hospital da cidade e constatou que as les\u00f5es poderiam ser consequ\u00eancia de viol\u00eancia sexual.<\/p>\n\n\n\n<p>M\u00e3e e v\u00edtima foram ao hospital na madrugada do dia 9, depois que a menina reclamou de dores. No consult\u00f3rio, o m\u00e9dico constatou as les\u00f5es e acionou a Pol\u00edcia Militar, que recomendou que m\u00e3e fosse at\u00e9 a delegacia da PCPR ao amanhecer. Segundo a m\u00e3e, a filha contou como ocorreu o crime.<\/p>\n\n\n\n<p>A menina foi encaminhada para exame de les\u00e3o corporal. J\u00e1 o suspeito negou o crime durante o depoimento.<\/p>\n\n\n\n<p>BandaB<\/p>\n\n\n\n<p><br><\/p>\n","protected":false},"excerpt":{"rendered":"<p>Ele \u00e9 suspeito de abusar sexualmente da neta de tr\u00eas anos A Pol\u00edcia Civil do Paran\u00e1 (PCPR) prendeu, nesta ter\u00e7a-feira (9), um idoso de 69 anos por estupro de vulner\u00e1vel, em Arapongas,\u00a0regi\u00e3o norte\u00a0do Estado. Ele \u00e9 suspeito de abusar sexualmente da neta de tr\u00eas anos, que relatou \u00e0 m\u00e3e como\u00a0ocorreu o crime. O caso veio [&hellip;]<\/p>\n","protected":false},"author":2,"featured_media":15069,"comment_status":"open","ping_status":"open","sticky":false,"template":"","format":"standard","meta":{"advanced_seo_description":"","jetpack_seo_html_title":"","jetpack_seo_noindex":false,"_jetpack_memberships_contains_paid_content":false,"footnotes":""},"categories":[33],"tags":[],"class_list":{"0":"post-15068","1":"post","2":"type-post","3":"status-publish","4":"format-standard","5":"has-post-thumbnail","7":"category-policia"},"jetpack_featured_media_url":"https:\/\/www.paranapraia.com.br\/wp-content\/uploads\/2019\/07\/AgenciaBrasil120402_MCA8926-960x639.jpg","jetpack_sharing_enabled":true,"_links":{"self":[{"href":"https:\/\/www.paranapraia.com.br\/index.php\/wp-json\/wp\/v2\/posts\/15068"}],"collection":[{"href":"https:\/\/www.paranapraia.com.br\/index.php\/wp-json\/wp\/v2\/posts"}],"about":[{"href":"https:\/\/www.paranapraia.com.br\/index.php\/wp-json\/wp\/v2\/types\/post"}],"author":[{"embeddable":true,"href":"https:\/\/www.paranapraia.com.br\/index.php\/wp-json\/wp\/v2\/users\/2"}],"replies":[{"embeddable":true,"href":"https:\/\/www.paranapraia.com.br\/index.php\/wp-json\/wp\/v2\/comments?post=15068"}],"version-history":[{"count":1,"href":"https:\/\/www.paranapraia.com.br\/index.php\/wp-json\/wp\/v2\/posts\/15068\/revisions"}],"predecessor-version":[{"id":15070,"href":"https:\/\/www.paranapraia.com.br\/index.php\/wp-json\/wp\/v2\/posts\/15068\/revisions\/15070"}],"wp:featuredmedia":[{"embeddable":true,"href":"https:\/\/www.paranapraia.com.br\/index.php\/wp-json\/wp\/v2\/media\/15069"}],"wp:attachment":[{"href":"https:\/\/www.paranapraia.com.br\/index.php\/wp-json\/wp\/v2\/media?parent=15068"}],"wp:term":[{"taxonomy":"category","embeddable":true,"href":"https:\/\/www.paranapraia.com.br\/index.php\/wp-json\/wp\/v2\/categories?post=15068"},{"taxonomy":"post_tag","embeddable":true,"href":"https:\/\/www.paranapraia.com.br\/index.php\/wp-json\/wp\/v2\/tags?post=15068"}],"curies":[{"name":"wp","href":"https:\/\/api.w.org\/{rel}","templated":true}]}}