{"id":15065,"date":"2019-07-11T09:59:43","date_gmt":"2019-07-11T12:59:43","guid":{"rendered":"https:\/\/www.paranapraia.com.br\/?p=15065"},"modified":"2019-07-11T09:59:44","modified_gmt":"2019-07-11T12:59:44","slug":"conab-safra-2018-19-deve-ser-recorde-com-alta-de-57","status":"publish","type":"post","link":"https:\/\/www.paranapraia.com.br\/index.php\/2019\/07\/11\/conab-safra-2018-19-deve-ser-recorde-com-alta-de-57\/","title":{"rendered":"Conab: safra 2018\/19 deve ser recorde, com alta de 5,7%"},"content":{"rendered":"\n<p>A produ\u00e7\u00e3o brasileira de gr\u00e3os deve atingir 240,65 milh\u00f5es de toneladas, mais um recorde da s\u00e9rie hist\u00f3rica. O crescimento dever\u00e1 ser de 5,7% ou 13 milh\u00f5es de toneladas acima da safra 2017\/18. A \u00e1rea plantada est\u00e1 prevista em 62,9 milh\u00f5es de hectares, o que representa um aumento de 1,9% em rela\u00e7\u00e3o \u00e0 safra anterior. As informa\u00e7\u00f5es fazem parte do 10\u00ba Levantamento da safra de Gr\u00e3os 2018\/19, da Companhia Nacional de Abastecimento (Conab), divulgado nesta quinta-feira, 11.<\/p>\n\n\n\n<p>Conforme a Conab, &#8220;um dos maiores destaques do per\u00edodo, em compara\u00e7\u00e3o com a safra anterior 2017\/18, \u00e9 o milho segunda safra&#8221;, com previs\u00e3o de produ\u00e7\u00e3o recorde de 72,4 milh\u00f5es de toneladas, crescimento de 34,2%. J\u00e1 o milho primeira safra deve ficar em 26,2 milh\u00f5es de toneladas, ou seja, queda de 2,5%. Com isso, a safra total de milho em 2018\/19 deve alcan\u00e7ar 98,50 milh\u00f5es de toneladas (aumento de 22% sobre o per\u00edodo anterior, que foi de 80,71 milh\u00f5es de toneladas).<\/p>\n\n\n\n<p>Outro destaque \u00e9 o algod\u00e3o, com aumento de produ\u00e7\u00e3o da ordem de 32,9%. Isso equivale ao volume de 6,7 milh\u00f5es de algod\u00e3o em caro\u00e7o ou 2,68 milh\u00f5es de algod\u00e3o em pluma (2 milh\u00f5es de toneladas em 2017\/18).<\/p>\n\n\n\n<p>No caso da soja, a previs\u00e3o da Conab indica uma redu\u00e7\u00e3o de 3,6% na produ\u00e7\u00e3o, atingindo 115 milh\u00f5es de toneladas. As regi\u00f5es Centro-Oeste e Sul representam mais de 78% dessa produ\u00e7\u00e3o.<\/p>\n\n\n\n<p>O arroz tem produ\u00e7\u00e3o estimada em 10,4 milh\u00f5es de toneladas, 13,6% menor que a obtida em 2017\/18 (12,06 milh\u00f5es de toneladas), em virtude das redu\u00e7\u00f5es ocorridas nos principais Estados produtores.<\/p>\n\n\n\n<p>J\u00e1 o feij\u00e3o primeira safra tamb\u00e9m apresentou uma redu\u00e7\u00e3o (22,5%), ficando em 996,9 mil toneladas. O clima favor\u00e1vel contribuiu para uma produ\u00e7\u00e3o de 1,3 milh\u00e3o de toneladas do feij\u00e3o segunda safra, 7,1% acima da anterior. E a terceira safra, com plantio finalizado em meados de julho, deve ter produ\u00e7\u00e3o de 721,5 mil toneladas, 17,5% superior ao volume j\u00e1 produzido em 2017\/18. Com isso, a produ\u00e7\u00e3o total de feij\u00e3o em 2018\/19 deve atingir 3,02 milh\u00f5es de toneladas queda de 3,1% ante a safra anterior (3,11 milh\u00f5es de toneladas).<\/p>\n\n\n\n<p>Os produtos com maiores aumentos de \u00e1rea plantada foram o milho segunda safra (819,2 mil hectares-ha), soja (717,4 mil ha) e algod\u00e3o (425,5 mil ha). A soja apresentou um crescimento de 2% na \u00e1rea de plantio, chegando a 35,9 milh\u00f5es de hectares.<\/p>\n\n\n\n<p>Com rela\u00e7\u00e3o \u00e0s culturas de inverno, a Conab informa que, com uma \u00e1rea estimada em 1,99 milh\u00e3o de hectares, 2,4% menor que a \u00e1rea plantada em 2018, a produ\u00e7\u00e3o de trigo deve ser de 5,5 milh\u00f5es de toneladas, representando aumento de 1,1% ante o ano passado (5,43 milh\u00f5es de toneladas). As demais culturas de inverno (aveia, canola, centeio, cevada e triticale) apresentam um leve aumento na \u00e1rea cultivada, passando de 546,5 mil hectares para 552,2 mil hectares. &#8220;As condi\u00e7\u00f5es clim\u00e1ticas v\u00eam favorecendo as lavouras&#8221;, conclui a Conab.<\/p>\n\n\n\n<p>BemParan\u00e1<\/p>\n","protected":false},"excerpt":{"rendered":"<p>A produ\u00e7\u00e3o brasileira de gr\u00e3os deve atingir 240,65 milh\u00f5es de toneladas, mais um recorde da s\u00e9rie hist\u00f3rica. O crescimento dever\u00e1 ser de 5,7% ou 13 milh\u00f5es de toneladas acima da safra 2017\/18. A \u00e1rea plantada est\u00e1 prevista em 62,9 milh\u00f5es de hectares, o que representa um aumento de 1,9% em rela\u00e7\u00e3o \u00e0 safra anterior. As [&hellip;]<\/p>\n","protected":false},"author":2,"featured_media":15066,"comment_status":"open","ping_status":"open","sticky":false,"template":"","format":"standard","meta":{"advanced_seo_description":"","jetpack_seo_html_title":"","jetpack_seo_noindex":false,"_jetpack_memberships_contains_paid_content":false,"footnotes":""},"categories":[1],"tags":[],"class_list":{"0":"post-15065","1":"post","2":"type-post","3":"status-publish","4":"format-standard","5":"has-post-thumbnail","7":"category-sem-categoria"},"jetpack_featured_media_url":"https:\/\/www.paranapraia.com.br\/wp-content\/uploads\/2019\/07\/conab.jpg","jetpack_sharing_enabled":true,"_links":{"self":[{"href":"https:\/\/www.paranapraia.com.br\/index.php\/wp-json\/wp\/v2\/posts\/15065"}],"collection":[{"href":"https:\/\/www.paranapraia.com.br\/index.php\/wp-json\/wp\/v2\/posts"}],"about":[{"href":"https:\/\/www.paranapraia.com.br\/index.php\/wp-json\/wp\/v2\/types\/post"}],"author":[{"embeddable":true,"href":"https:\/\/www.paranapraia.com.br\/index.php\/wp-json\/wp\/v2\/users\/2"}],"replies":[{"embeddable":true,"href":"https:\/\/www.paranapraia.com.br\/index.php\/wp-json\/wp\/v2\/comments?post=15065"}],"version-history":[{"count":1,"href":"https:\/\/www.paranapraia.com.br\/index.php\/wp-json\/wp\/v2\/posts\/15065\/revisions"}],"predecessor-version":[{"id":15067,"href":"https:\/\/www.paranapraia.com.br\/index.php\/wp-json\/wp\/v2\/posts\/15065\/revisions\/15067"}],"wp:featuredmedia":[{"embeddable":true,"href":"https:\/\/www.paranapraia.com.br\/index.php\/wp-json\/wp\/v2\/media\/15066"}],"wp:attachment":[{"href":"https:\/\/www.paranapraia.com.br\/index.php\/wp-json\/wp\/v2\/media?parent=15065"}],"wp:term":[{"taxonomy":"category","embeddable":true,"href":"https:\/\/www.paranapraia.com.br\/index.php\/wp-json\/wp\/v2\/categories?post=15065"},{"taxonomy":"post_tag","embeddable":true,"href":"https:\/\/www.paranapraia.com.br\/index.php\/wp-json\/wp\/v2\/tags?post=15065"}],"curies":[{"name":"wp","href":"https:\/\/api.w.org\/{rel}","templated":true}]}}