{"id":15061,"date":"2019-07-11T08:13:16","date_gmt":"2019-07-11T11:13:16","guid":{"rendered":"https:\/\/www.paranapraia.com.br\/?p=15061"},"modified":"2019-07-11T08:14:20","modified_gmt":"2019-07-11T11:14:20","slug":"ilha-do-mel-recebe-circuito-brasileiro-este-final-de-semana","status":"publish","type":"post","link":"https:\/\/www.paranapraia.com.br\/index.php\/2019\/07\/11\/ilha-do-mel-recebe-circuito-brasileiro-este-final-de-semana\/","title":{"rendered":"Ilha do Mel recebe circuito brasileiro de surf este final de semana"},"content":{"rendered":"\n<p>A Ilha do Mel ter\u00e1 um fim de semana de muito surfe. A&nbsp;MB Surf Pro 2019, etapa do&nbsp;Circuito Brasileiro de Surf Profissional acontecer\u00e1 nos dias 13 e 14 de julho, na&nbsp;Praia Grande.<\/p>\n\n\n\n<p>Com&nbsp;premia\u00e7\u00f5es em dinheiro para as categorias feminina e masculina, a etapa deve ser muito movimentada e dever\u00e1 contar com bons nomes nacionais.&nbsp;<\/p>\n\n\n\n<p>Uma a\u00e7\u00e3o em parceria com uma ONG far\u00e1 a limpeza e reciclar\u00e1 todo o lixo da ilha durante este fim de semana, seguindo a linha das campanhas de despolui\u00e7\u00e3o dos mares feita pela World Surf League.&nbsp;<\/p>\n\n\n\n<figure class=\"wp-block-image\"><img decoding=\"async\" src=\"blob:https:\/\/www.paranapraia.com.br\/b5063fba-0f44-424e-bbc8-31a12a30837d\" alt=\"pastedGraphic.png\"\/><\/figure>\n\n\n\n<p>A bolsa total de premia\u00e7\u00e3o total em dinheiro \u00e9 de R$ 40 mil. A competi\u00e7\u00e3o tamb\u00e9m \u00e9 pautada pela igualdade de g\u00eanero entre homens e mulheres na premia\u00e7\u00e3o. Em ambas as categorias o pr\u00eamio ser\u00e1 o mesmo.&nbsp;<\/p>\n\n\n\n<p>O campeonato est\u00e1 sendo realizado por&nbsp;Antonio Maninho Barbosa &#8211; MB, com apoio da ABRASP &#8211; Associa\u00e7\u00e3o Brasileira de Surf Profissional e da Prefeitura de Paranagu\u00e1.&nbsp;<\/p>\n\n\n\n<p>Bem Paran\u00e1<\/p>\n","protected":false},"excerpt":{"rendered":"<p>A Ilha do Mel ter\u00e1 um fim de semana de muito surfe. A&nbsp;MB Surf Pro 2019, etapa do&nbsp;Circuito Brasileiro de Surf Profissional acontecer\u00e1 nos dias 13 e 14 de julho, na&nbsp;Praia Grande. Com&nbsp;premia\u00e7\u00f5es em dinheiro para as categorias feminina e masculina, a etapa deve ser muito movimentada e dever\u00e1 contar com bons nomes nacionais.&nbsp; Uma [&hellip;]<\/p>\n","protected":false},"author":2,"featured_media":15062,"comment_status":"open","ping_status":"open","sticky":false,"template":"","format":"standard","meta":{"advanced_seo_description":"","jetpack_seo_html_title":"","jetpack_seo_noindex":false,"_jetpack_memberships_contains_paid_content":false,"footnotes":""},"categories":[40],"tags":[],"class_list":{"0":"post-15061","1":"post","2":"type-post","3":"status-publish","4":"format-standard","5":"has-post-thumbnail","7":"category-destaques"},"jetpack_featured_media_url":"https:\/\/www.paranapraia.com.br\/wp-content\/uploads\/2019\/07\/3B050A09-5830-42B8-815F-3E4EC222C2E5.jpeg","jetpack_sharing_enabled":true,"_links":{"self":[{"href":"https:\/\/www.paranapraia.com.br\/index.php\/wp-json\/wp\/v2\/posts\/15061"}],"collection":[{"href":"https:\/\/www.paranapraia.com.br\/index.php\/wp-json\/wp\/v2\/posts"}],"about":[{"href":"https:\/\/www.paranapraia.com.br\/index.php\/wp-json\/wp\/v2\/types\/post"}],"author":[{"embeddable":true,"href":"https:\/\/www.paranapraia.com.br\/index.php\/wp-json\/wp\/v2\/users\/2"}],"replies":[{"embeddable":true,"href":"https:\/\/www.paranapraia.com.br\/index.php\/wp-json\/wp\/v2\/comments?post=15061"}],"version-history":[{"count":2,"href":"https:\/\/www.paranapraia.com.br\/index.php\/wp-json\/wp\/v2\/posts\/15061\/revisions"}],"predecessor-version":[{"id":15064,"href":"https:\/\/www.paranapraia.com.br\/index.php\/wp-json\/wp\/v2\/posts\/15061\/revisions\/15064"}],"wp:featuredmedia":[{"embeddable":true,"href":"https:\/\/www.paranapraia.com.br\/index.php\/wp-json\/wp\/v2\/media\/15062"}],"wp:attachment":[{"href":"https:\/\/www.paranapraia.com.br\/index.php\/wp-json\/wp\/v2\/media?parent=15061"}],"wp:term":[{"taxonomy":"category","embeddable":true,"href":"https:\/\/www.paranapraia.com.br\/index.php\/wp-json\/wp\/v2\/categories?post=15061"},{"taxonomy":"post_tag","embeddable":true,"href":"https:\/\/www.paranapraia.com.br\/index.php\/wp-json\/wp\/v2\/tags?post=15061"}],"curies":[{"name":"wp","href":"https:\/\/api.w.org\/{rel}","templated":true}]}}