{"id":15054,"date":"2019-07-10T19:29:46","date_gmt":"2019-07-10T22:29:46","guid":{"rendered":"https:\/\/www.paranapraia.com.br\/?p=15054"},"modified":"2019-07-10T19:29:47","modified_gmt":"2019-07-10T22:29:47","slug":"artilheiro-do-parana-mostra-confianca-antes-do-duelo-contra-o-palmeiras-da-serie-b","status":"publish","type":"post","link":"https:\/\/www.paranapraia.com.br\/index.php\/2019\/07\/10\/artilheiro-do-parana-mostra-confianca-antes-do-duelo-contra-o-palmeiras-da-serie-b\/","title":{"rendered":"Artilheiro do Paran\u00e1 mostra confian\u00e7a antes do duelo contra o &#8216;Palmeiras da S\u00e9rie B&#8217;"},"content":{"rendered":"\n<p>O meia Jo\u00e3o Pedro, 22 anos, mostrou confian\u00e7a na entrevista coletiva dessa quarta-feira (dia 10), que teve como tema o duelo de s\u00e1bado, contra o l\u00edder da S\u00e9rie B, o Bragantino. \u201cEles que t\u00eam que se cuidar com n\u00f3s. Somos um time forte e dif\u00edcil de ser batidos na Vila, ao lado do torcedor. Temos totais condi\u00e7\u00f5es de fazer um bom jogo e sair com a vit\u00f3ria. Estamos numa crescente e podemos entrar ou ficar pr\u00f3ximos do G-4\u201d, declarou o jogador, que \u00e9 o artilheiro do time na competi\u00e7\u00e3o, com tr\u00eas gols.<\/p>\n\n\n\n<p>O Bragantino vem ganhando elogios rasgados dos advers\u00e1rios em 2019. Segundo o t\u00e9cnico do Paran\u00e1 Clube, Matheus Costa, o clube paulista \u00e9 uma esp\u00e9cie de \u201cPalmeiras da S\u00e9rie B\u201d, pela quantidade e qualidade de jogadores. Para o treinador, a equipe de Bragan\u00e7a Paulista conta com tr\u00eas atletas de bom n\u00edvel para cada posi\u00e7\u00e3o.<\/p>\n\n\n\n<p>Na S\u00e9rie B, o Bragantino somou seis vit\u00f3rias, um empate (com o Sport) e uma derrota (para o Londrina). S\u00f3 sofreu dois gols e marcou 13. Segundo dados do Footstats, o time paulista \u00e9 quem mais acerta dribles, o primeiro em m\u00e9dia de finaliza\u00e7\u00f5es, o segundo em desarmes certos e o terceiro na precis\u00e3o de passes. Tamb\u00e9m lidera em posse de bola, com 58%.<\/p>\n\n\n\n<p>O bom futebol do Bragantino tamb\u00e9m foi destacado por Jo\u00e3o Pedro. \u201cTemos que ter respeito e os devidos cuidados com os pontos fortes deles. Eles jogam ofensivamente dentro e fora de casa. S\u00e3o uma grande equipe\u201d, disse o jogador, que est\u00e1 emprestado pelo Athletico Paranaense.<\/p>\n\n\n\n<p>Para ele, a pausa de um m\u00eas para a Copa Am\u00e9rica foi bem aproveitada pelo Paran\u00e1 Clube. \u201cNosso time estava se entrosando e encontrando um padr\u00e3o de jogo. Conseguimos aperfei\u00e7oar os pontos e estamos bem mais preparados que o come\u00e7o do campeonato. A parada foi fundamental para aprimorar o que a gente estava falhando, entrosar melhor e agora voltar com for\u00e7a total\u201d, declarou.<\/p>\n\n\n\n<p>O Paran\u00e1 ainda n\u00e3o sofreu gols na Vila Capanema na S\u00e9rie B. Foram quatro jogos em casa na competi\u00e7\u00e3o, com duas vit\u00f3rias e dois empates.<\/p>\n\n\n\n<p>BemParan\u00e1<\/p>\n","protected":false},"excerpt":{"rendered":"<p>O meia Jo\u00e3o Pedro, 22 anos, mostrou confian\u00e7a na entrevista coletiva dessa quarta-feira (dia 10), que teve como tema o duelo de s\u00e1bado, contra o l\u00edder da S\u00e9rie B, o Bragantino. \u201cEles que t\u00eam que se cuidar com n\u00f3s. Somos um time forte e dif\u00edcil de ser batidos na Vila, ao lado do torcedor. Temos [&hellip;]<\/p>\n","protected":false},"author":2,"featured_media":15055,"comment_status":"open","ping_status":"open","sticky":false,"template":"","format":"standard","meta":{"advanced_seo_description":"","jetpack_seo_html_title":"","jetpack_seo_noindex":false,"_jetpack_memberships_contains_paid_content":false,"footnotes":""},"categories":[37],"tags":[],"class_list":{"0":"post-15054","1":"post","2":"type-post","3":"status-publish","4":"format-standard","5":"has-post-thumbnail","7":"category-esporte"},"jetpack_featured_media_url":"https:\/\/www.paranapraia.com.br\/wp-content\/uploads\/2019\/07\/ari.jpg","jetpack_sharing_enabled":true,"_links":{"self":[{"href":"https:\/\/www.paranapraia.com.br\/index.php\/wp-json\/wp\/v2\/posts\/15054"}],"collection":[{"href":"https:\/\/www.paranapraia.com.br\/index.php\/wp-json\/wp\/v2\/posts"}],"about":[{"href":"https:\/\/www.paranapraia.com.br\/index.php\/wp-json\/wp\/v2\/types\/post"}],"author":[{"embeddable":true,"href":"https:\/\/www.paranapraia.com.br\/index.php\/wp-json\/wp\/v2\/users\/2"}],"replies":[{"embeddable":true,"href":"https:\/\/www.paranapraia.com.br\/index.php\/wp-json\/wp\/v2\/comments?post=15054"}],"version-history":[{"count":1,"href":"https:\/\/www.paranapraia.com.br\/index.php\/wp-json\/wp\/v2\/posts\/15054\/revisions"}],"predecessor-version":[{"id":15056,"href":"https:\/\/www.paranapraia.com.br\/index.php\/wp-json\/wp\/v2\/posts\/15054\/revisions\/15056"}],"wp:featuredmedia":[{"embeddable":true,"href":"https:\/\/www.paranapraia.com.br\/index.php\/wp-json\/wp\/v2\/media\/15055"}],"wp:attachment":[{"href":"https:\/\/www.paranapraia.com.br\/index.php\/wp-json\/wp\/v2\/media?parent=15054"}],"wp:term":[{"taxonomy":"category","embeddable":true,"href":"https:\/\/www.paranapraia.com.br\/index.php\/wp-json\/wp\/v2\/categories?post=15054"},{"taxonomy":"post_tag","embeddable":true,"href":"https:\/\/www.paranapraia.com.br\/index.php\/wp-json\/wp\/v2\/tags?post=15054"}],"curies":[{"name":"wp","href":"https:\/\/api.w.org\/{rel}","templated":true}]}}