{"id":15048,"date":"2019-07-10T19:13:08","date_gmt":"2019-07-10T22:13:08","guid":{"rendered":"https:\/\/www.paranapraia.com.br\/?p=15048"},"modified":"2019-07-10T19:13:10","modified_gmt":"2019-07-10T22:13:10","slug":"guedes-se-reune-com-secretariado-para-definir-medidas-pos-previdencia","status":"publish","type":"post","link":"https:\/\/www.paranapraia.com.br\/index.php\/2019\/07\/10\/guedes-se-reune-com-secretariado-para-definir-medidas-pos-previdencia\/","title":{"rendered":"Guedes se re\u00fane com secretariado para definir medidas p\u00f3s Previd\u00eancia"},"content":{"rendered":"\n<h4 class=\"wp-block-heading\">Ao longo de seis meses, Guedes atribuiu aos seus secret\u00e1rios a miss\u00e3o de propor projetos que, primordialmente, ajudem a impulsionar o crescimento da economia<\/h4>\n\n\n\n<p>O ministro da Economia, Paulo Guedes, far\u00e1 uma reuni\u00e3o plen\u00e1ria nesta quinta-feira (11) em Bras\u00edlia com seus secret\u00e1rios para definir o plano de a\u00e7\u00e3o do governo depois que a reforma da Previd\u00eancia for aprovada.<\/p>\n\n\n\n<p>O evento reproduz iniciativas de grandes empresas que, uma vez por ano, re\u00fanem seus executivos em um hotel ou algum lugar \u201cinspirador\u201d para fazerem um planejamento estrat\u00e9gico com defini\u00e7\u00e3o de metas.&nbsp; Ao longo de seis meses, Guedes atribuiu aos seus secret\u00e1rios a miss\u00e3o de propor projetos que, primordialmente, ajudem a impulsionar o crescimento da economia, gerando empregos.<\/p>\n\n\n\n<p>Todos os secret\u00e1rios passaram os \u00faltimos meses estudando as melhores iniciativas. Na reuni\u00e3o, o ministro escolher\u00e1 os projetos que far\u00e3o parte de seu plano at\u00e9 o final do mandato de Jair Bolsonaro.<\/p>\n\n\n\n<p>A coordena\u00e7\u00e3o desse programa caber\u00e1 ao secret\u00e1rio-executivo, Marcelo Guaranys, que vai compilar o PPA (Plano Plurianual) com os novos projetos com uma inova\u00e7\u00e3o: a defini\u00e7\u00e3o das metas de implementa\u00e7\u00e3o e os mecanismos de cobran\u00e7a dos secret\u00e1rios.<\/p>\n\n\n\n<p>Conduzida pela Secretaria Especial de Fazenda, a proposta de reformula\u00e7\u00e3o do FGTS, por exemplo, poder\u00e1 prever penalidades para o gestor caso o prometido \u2013a corre\u00e7\u00e3o das contas acima da infla\u00e7\u00e3o\u2013 n\u00e3o seja alcan\u00e7ado de acordo com a meta a ser definida.Na secretaria de Desburocra<\/p>\n\n\n\n<p>tiza\u00e7\u00e3o, Gest\u00e3o e Governo Digital, Paulo Uebel apresentar\u00e1 projetos para melhorar a efici\u00eancia do Estado.<br>Uma das ideias \u00e9 propor a extin\u00e7\u00e3o de autarquias que operam no preju\u00edzo gerando custos elevados \u00e0 Uni\u00e3o e fundir outras que sejam complementares.Da Secretaria de Produ<\/p>\n\n\n\n<p>tividade, Emprego e Competitividade, Guedes aguarda um card\u00e1pio focado no est\u00edmulo \u00e0 redu\u00e7\u00e3o de barreiras aos neg\u00f3cios para atra\u00edrem investimentos, que regrediram ao n\u00edvel de 52 anos atr\u00e1s.<\/p>\n\n\n\n<p>Pessoas que participam da organiza\u00e7\u00e3o afirmam que ser\u00e1 apresentada cerca de uma dezena de projetos para fortalecer a gest\u00e3o em estados e munic\u00edpios preferencialmente endividados.<\/p>\n\n\n\n<p>Um deles prev\u00ea que conv\u00eanios federais ser\u00e3o submetidos a uma plataforma de intelig\u00eancia artificial que avalia os riscos de desvios nos contratos com prefeituras, como SUS (Sistema \u00danico de Sa\u00fade) e Funpen (Fundo Penitenci\u00e1rio Nacional). Hoje, somente 2% dos conv\u00eanios (R$ 9 bilh\u00f5es) passam por essa triagem e o ministro quer incluir todos os contratos a partir de agora.Caso<\/p>\n\n\n\n<p>haja ind\u00edcios de irregularidades apontados pela m\u00e1quina, haver\u00e1 uma auditoria. Para a maioria dos contratos, a libera\u00e7\u00e3o dos recursos ser\u00e1 autom\u00e1tica, caso passem sem problemas pela triagem.<\/p>\n\n\n\n<p>Na avalia\u00e7\u00e3o de t\u00e9cnicos envolvidos no projeto, essa medida vai retirar o poder pol\u00edtico da libera\u00e7\u00e3o de recursos para munic\u00edpios, que dependem dessa agilidade para a presta\u00e7\u00e3o dos servi\u00e7os \u00e0 popula\u00e7\u00e3o.<\/p>\n\n\n\n<p>Assessores afirmam que Guedes trouxe essa \u201cmentalidade de empresa\u201d ao governo e ela foi refor\u00e7ada com&nbsp; a escolha dos secret\u00e1rios, especialmente Salim Mattar, cuja atua\u00e7\u00e3o j\u00e1 virou folclore no minist\u00e9rio.<\/p>\n\n\n\n<p>Desde que tomou posse, o secret\u00e1rio especial de privatiza\u00e7\u00f5es, chega \u00e0s 7h e exige pontualidade de todos os seus assessores. Quem se atrasa, tem de depositar R$ 50 numa caixinha batizada de \u201cfundo para a happy-hour\u201d.<\/p>\n\n\n\n<p>Como ningu\u00e9m quer pagar a multa, a ideia imp\u00f4s aos servidores uma rotina semelhante ao da Localiza, empresa que Mattar deixou de comandar para se dedicar \u00e0 administra\u00e7\u00e3o p\u00fablica.<\/p>\n\n\n\n<p>Na reuni\u00e3o, Mattar deve apresentar a lista definitiva de estatais para serem vendidas. Ele j\u00e1 disse que, caso sejam privatizadas, poder\u00e3o gerar at\u00e9 R$ 1 trilh\u00e3o, tanto quanto a Previd\u00eancia.<\/p>\n\n\n\n<p>BandaB<\/p>\n\n\n\n<p><br><\/p>\n\n\n\n<p><br><\/p>\n","protected":false},"excerpt":{"rendered":"<p>Ao longo de seis meses, Guedes atribuiu aos seus secret\u00e1rios a miss\u00e3o de propor projetos que, primordialmente, ajudem a impulsionar o crescimento da economia O ministro da Economia, Paulo Guedes, far\u00e1 uma reuni\u00e3o plen\u00e1ria nesta quinta-feira (11) em Bras\u00edlia com seus secret\u00e1rios para definir o plano de a\u00e7\u00e3o do governo depois que a reforma da [&hellip;]<\/p>\n","protected":false},"author":2,"featured_media":15049,"comment_status":"open","ping_status":"open","sticky":false,"template":"","format":"standard","meta":{"advanced_seo_description":"","jetpack_seo_html_title":"","jetpack_seo_noindex":false,"_jetpack_memberships_contains_paid_content":false,"footnotes":""},"categories":[32],"tags":[],"class_list":{"0":"post-15048","1":"post","2":"type-post","3":"status-publish","4":"format-standard","5":"has-post-thumbnail","7":"category-politica"},"jetpack_featured_media_url":"https:\/\/www.paranapraia.com.br\/wp-content\/uploads\/2019\/07\/guedesa.jpg","jetpack_sharing_enabled":true,"_links":{"self":[{"href":"https:\/\/www.paranapraia.com.br\/index.php\/wp-json\/wp\/v2\/posts\/15048"}],"collection":[{"href":"https:\/\/www.paranapraia.com.br\/index.php\/wp-json\/wp\/v2\/posts"}],"about":[{"href":"https:\/\/www.paranapraia.com.br\/index.php\/wp-json\/wp\/v2\/types\/post"}],"author":[{"embeddable":true,"href":"https:\/\/www.paranapraia.com.br\/index.php\/wp-json\/wp\/v2\/users\/2"}],"replies":[{"embeddable":true,"href":"https:\/\/www.paranapraia.com.br\/index.php\/wp-json\/wp\/v2\/comments?post=15048"}],"version-history":[{"count":1,"href":"https:\/\/www.paranapraia.com.br\/index.php\/wp-json\/wp\/v2\/posts\/15048\/revisions"}],"predecessor-version":[{"id":15050,"href":"https:\/\/www.paranapraia.com.br\/index.php\/wp-json\/wp\/v2\/posts\/15048\/revisions\/15050"}],"wp:featuredmedia":[{"embeddable":true,"href":"https:\/\/www.paranapraia.com.br\/index.php\/wp-json\/wp\/v2\/media\/15049"}],"wp:attachment":[{"href":"https:\/\/www.paranapraia.com.br\/index.php\/wp-json\/wp\/v2\/media?parent=15048"}],"wp:term":[{"taxonomy":"category","embeddable":true,"href":"https:\/\/www.paranapraia.com.br\/index.php\/wp-json\/wp\/v2\/categories?post=15048"},{"taxonomy":"post_tag","embeddable":true,"href":"https:\/\/www.paranapraia.com.br\/index.php\/wp-json\/wp\/v2\/tags?post=15048"}],"curies":[{"name":"wp","href":"https:\/\/api.w.org\/{rel}","templated":true}]}}