{"id":15044,"date":"2019-07-10T19:09:25","date_gmt":"2019-07-10T22:09:25","guid":{"rendered":"https:\/\/www.paranapraia.com.br\/?p=15044"},"modified":"2019-07-10T19:09:26","modified_gmt":"2019-07-10T22:09:26","slug":"operacao-da-pf-mira-em-faccao-que-atua-em-presidios-do-pr-e-mais-dois-estados","status":"publish","type":"post","link":"https:\/\/www.paranapraia.com.br\/index.php\/2019\/07\/10\/operacao-da-pf-mira-em-faccao-que-atua-em-presidios-do-pr-e-mais-dois-estados\/","title":{"rendered":"Opera\u00e7\u00e3o da PF mira em fac\u00e7\u00e3o que atua em pres\u00eddios do PR e mais dois estados"},"content":{"rendered":"\n<p>Uma fac\u00e7\u00e3o criminosa que atua dentro e fora dos pres\u00eddios em todo o pa\u00eds \u00e9 alvo de uma opera\u00e7\u00e3o da Pol\u00edcia Federal (PF) deflagrada desde as primeiras horas da manh\u00e3 desta quarta-feira (10), nos estados de Roraima, S\u00e3o Paulo e do Paran\u00e1.<\/p>\n\n\n\n<p>As investiga\u00e7\u00f5es da Opera\u00e7\u00e3o Hipaspistas d\u00e3o sequ\u00eancia aos trabalhos da Opera\u00e7\u00e3o \u00c9rebo realizada no fim de novembro do ano passado, quando a PF identificou e mapeou uma estrutura da fac\u00e7\u00e3o em Roraima, respons\u00e1veis pelos ataques que ocorreram em Roraima entre 29 e 31 de julho de 2018.<\/p>\n\n\n\n<p>BemParan\u00e1<\/p>\n","protected":false},"excerpt":{"rendered":"<p>Uma fac\u00e7\u00e3o criminosa que atua dentro e fora dos pres\u00eddios em todo o pa\u00eds \u00e9 alvo de uma opera\u00e7\u00e3o da Pol\u00edcia Federal (PF) deflagrada desde as primeiras horas da manh\u00e3 desta quarta-feira (10), nos estados de Roraima, S\u00e3o Paulo e do Paran\u00e1. As investiga\u00e7\u00f5es da Opera\u00e7\u00e3o Hipaspistas d\u00e3o sequ\u00eancia aos trabalhos da Opera\u00e7\u00e3o \u00c9rebo realizada [&hellip;]<\/p>\n","protected":false},"author":2,"featured_media":15046,"comment_status":"open","ping_status":"open","sticky":false,"template":"","format":"standard","meta":{"advanced_seo_description":"","jetpack_seo_html_title":"","jetpack_seo_noindex":false,"_jetpack_memberships_contains_paid_content":false,"footnotes":""},"categories":[33],"tags":[],"class_list":{"0":"post-15044","1":"post","2":"type-post","3":"status-publish","4":"format-standard","5":"has-post-thumbnail","7":"category-policia"},"jetpack_featured_media_url":"https:\/\/www.paranapraia.com.br\/wp-content\/uploads\/2019\/07\/rp.jpg","jetpack_sharing_enabled":true,"_links":{"self":[{"href":"https:\/\/www.paranapraia.com.br\/index.php\/wp-json\/wp\/v2\/posts\/15044"}],"collection":[{"href":"https:\/\/www.paranapraia.com.br\/index.php\/wp-json\/wp\/v2\/posts"}],"about":[{"href":"https:\/\/www.paranapraia.com.br\/index.php\/wp-json\/wp\/v2\/types\/post"}],"author":[{"embeddable":true,"href":"https:\/\/www.paranapraia.com.br\/index.php\/wp-json\/wp\/v2\/users\/2"}],"replies":[{"embeddable":true,"href":"https:\/\/www.paranapraia.com.br\/index.php\/wp-json\/wp\/v2\/comments?post=15044"}],"version-history":[{"count":1,"href":"https:\/\/www.paranapraia.com.br\/index.php\/wp-json\/wp\/v2\/posts\/15044\/revisions"}],"predecessor-version":[{"id":15047,"href":"https:\/\/www.paranapraia.com.br\/index.php\/wp-json\/wp\/v2\/posts\/15044\/revisions\/15047"}],"wp:featuredmedia":[{"embeddable":true,"href":"https:\/\/www.paranapraia.com.br\/index.php\/wp-json\/wp\/v2\/media\/15046"}],"wp:attachment":[{"href":"https:\/\/www.paranapraia.com.br\/index.php\/wp-json\/wp\/v2\/media?parent=15044"}],"wp:term":[{"taxonomy":"category","embeddable":true,"href":"https:\/\/www.paranapraia.com.br\/index.php\/wp-json\/wp\/v2\/categories?post=15044"},{"taxonomy":"post_tag","embeddable":true,"href":"https:\/\/www.paranapraia.com.br\/index.php\/wp-json\/wp\/v2\/tags?post=15044"}],"curies":[{"name":"wp","href":"https:\/\/api.w.org\/{rel}","templated":true}]}}